{"id":17141,"date":"2016-11-24T16:05:19","date_gmt":"2016-11-24T16:05:19","guid":{"rendered":""},"modified":"2016-11-24T16:05:19","modified_gmt":"2016-11-24T16:05:19","slug":"caballos-y-correcaminos-se-preparan-para-gran-final-de-la-lpb","status":"publish","type":"post","link":"https:\/\/sertv.gob.pa\/nacionalfm\/caballos-y-correcaminos-se-preparan-para-gran-final-de-la-lpb\/","title":{"rendered":"Caballos y Correcaminos se preparan para gran final de la LPB"},"content":{"rendered":"<p>\n Con el fin de afrontar la gran final de la Liga Profesional de Baloncesto, que se jugar\u00e1 el pr\u00f3ximo viernes 2 de diciembre en la Arena Roberto Dur\u00e1n a las 9 de la noche, Los Caballos de Cocl\u00e9 y los Correcaminos\u00a0 de Col\u00f3n apretaron el acelerador en su preparaci\u00f3n.  <\/p>\n<p> Cocl\u00e9, que estar\u00e1 en su primera batalla por el t\u00edtulo, luego de un tremendo cierre de temporada regular, entrena sin d\u00edas de descanso en el gimnasio Kiwanis de El Chorrillo a las 7:30 p.m., con la direcci\u00f3n de su t\u00e9cnico, el puertorrique\u00f1o David Rosario, quien los ha hecho ganar 6 de 8 partidos.  <\/p>\n<p> En la Costa del Caribe, los actuales campeones, los Correcaminos tambi\u00e9n intensificaron sus entrenamientos en la Arena Te\u00f3filo Panam\u00e1 Al Brown de Col\u00f3n de 7:00 a 9:30 de la noche, supervisados por su directo Casimiro Laguna, quien el a\u00f1o pasado lo llev\u00f3 a levantar la copa de la primera edici\u00f3n de la LPB.  <\/p>\n<p> Los Correcaminos \u00a0a\u00fan no saben si contar\u00e1n con su estelar centro Jaime &lsquo;La Mole&rsquo; Lloreda, quien se encuentra jugando con el Hebraica Macabi de la Liga Uruguaya de Baloncesto y por eso se alistan para cualquier escenario.  <\/p>\n<p> \u00a0  <\/p>\n","protected":false},"excerpt":{"rendered":"<p>Con el fin de afrontar la gran final de la <a href=\"https:\/\/sertv.gob.pa\/nacionalfm\/caballos-y-correcaminos-se-preparan-para-gran-final-de-la-lpb\/\"> [&#8230;]<\/a><\/p>\n","protected":false},"author":1,"featured_media":17142,"comment_status":"closed","ping_status":"closed","sticky":false,"template":"","format":"standard","meta":{"footnotes":""},"categories":[4],"tags":[],"class_list":["post-17141","post","type-post","status-publish","format-standard","has-post-thumbnail","hentry","category-deportes"],"_links":{"self":[{"href":"https:\/\/sertv.gob.pa\/nacionalfm\/wp-json\/wp\/v2\/posts\/17141","targetHints":{"allow":["GET"]}}],"collection":[{"href":"https:\/\/sertv.gob.pa\/nacionalfm\/wp-json\/wp\/v2\/posts"}],"about":[{"href":"https:\/\/sertv.gob.pa\/nacionalfm\/wp-json\/wp\/v2\/types\/post"}],"author":[{"embeddable":true,"href":"https:\/\/sertv.gob.pa\/nacionalfm\/wp-json\/wp\/v2\/users\/1"}],"replies":[{"embeddable":true,"href":"https:\/\/sertv.gob.pa\/nacionalfm\/wp-json\/wp\/v2\/comments?post=17141"}],"version-history":[{"count":0,"href":"https:\/\/sertv.gob.pa\/nacionalfm\/wp-json\/wp\/v2\/posts\/17141\/revisions"}],"wp:featuredmedia":[{"embeddable":true,"href":"https:\/\/sertv.gob.pa\/nacionalfm\/wp-json\/wp\/v2\/media\/17142"}],"wp:attachment":[{"href":"https:\/\/sertv.gob.pa\/nacionalfm\/wp-json\/wp\/v2\/media?parent=17141"}],"wp:term":[{"taxonomy":"category","embeddable":true,"href":"https:\/\/sertv.gob.pa\/nacionalfm\/wp-json\/wp\/v2\/categories?post=17141"},{"taxonomy":"post_tag","embeddable":true,"href":"https:\/\/sertv.gob.pa\/nacionalfm\/wp-json\/wp\/v2\/tags?post=17141"}],"curies":[{"name":"wp","href":"https:\/\/api.w.org\/{rel}","templated":true}]}}