{"id":17181,"date":"2016-11-25T19:15:25","date_gmt":"2016-11-25T19:15:25","guid":{"rendered":""},"modified":"2016-11-25T19:15:25","modified_gmt":"2016-11-25T19:15:25","slug":"el-cuidado-de-las-encias-es-muy-importante-para-la-salud","status":"publish","type":"post","link":"https:\/\/sertv.gob.pa\/nacionalfm\/el-cuidado-de-las-encias-es-muy-importante-para-la-salud\/","title":{"rendered":"El cuidado de las enc\u00edas es muy importante para la salud"},"content":{"rendered":"<p>\nEl nombre oficial de la inflamaci\u00f3n en las enc\u00edas es enfermedad periodontal. Y  es la principal causa de la p\u00e9rdida de dientes en los adultos,  seg\u00fan la Federaci\u00f3n Europea de Periodoncia y diversas organizaciones especializadas en el tema. <\/p>\n<p>El da\u00f1o que puede ocasionar en la boca var\u00eda, puede quedarse en una molesta hinchaz\u00f3n o puede complicarse y, justamente, causar la ca\u00edda de los dientes. <\/p>\n<p>Es obvio que la condici\u00f3n tiene consecuencias negativas en la cavidad bucal.  Pero sus efectos adversos en la salud, van mucho m\u00e1s all\u00e1.  <\/p>\n<p>Diversos estudios han establecido una asociaci\u00f3n entre la enfermedad periodontal y otras condiciones m\u00e9dicas graves. <\/p>\n<p>El padecimiento del periodonto empieza con la inflamaci\u00f3n de las enc\u00edas, lo que se conoce como gingivitis. La causa es la acumulaci\u00f3n del sarro. Si no se trata, se pasa a la siguiente etapa, la periodontitis. <\/p>\n<p> Los principales s\u00edntomas son las enc\u00edas hinchadas o sangrantes, aparici\u00f3n de pus, recesi\u00f3n de la enc\u00eda y dolor.   <\/p>\n<p>La Academia Americana de Periodoncia se\u00f1ala que \u00abvarios estudios han demostrado que la enfermedad periodontal aumenta el riesgo de sufrir de males card\u00edacos y que puede exacerbar condiciones preexistentes en esa \u00e1rea\u00bb. <\/p>\n<p>La Academia Americana de Periodoncia igualmente indica que otras  investigaciones han revelado la relaci\u00f3n entre los derrames cerebrales, la osteoporosis, las enfermedades respiratorias y la inflamaci\u00f3n grave de las enc\u00edas.   <\/p>\n<p>Seg\u00fan un estudio que apareci\u00f3 hace pocos meses en la publicaci\u00f3n de la Asociaci\u00f3n M\u00e9dica Americana, la presencia de una bacteria asociada con la periodontitis ( Porphyromonas gingivalis ) en la boca de una persona,  incrementaba en 59% la posibilidad de sufrir de c\u00e1ncer de p\u00e1ncreas.   <\/p>\n<p> La Escuela de Medicina de la Universidad de Harvard, en Massac  husetts, Estados Unidos, asimismo se refiere a la relaci\u00f3n entre la periodontitis y la diabetes.  <\/p>\n<p>\u00a0 <\/p>\n","protected":false},"excerpt":{"rendered":"<p>El nombre oficial de la inflamaci\u00f3n en las enc\u00edas es <a href=\"https:\/\/sertv.gob.pa\/nacionalfm\/el-cuidado-de-las-encias-es-muy-importante-para-la-salud\/\"> [&#8230;]<\/a><\/p>\n","protected":false},"author":1,"featured_media":17182,"comment_status":"closed","ping_status":"closed","sticky":false,"template":"","format":"standard","meta":{"footnotes":""},"categories":[5],"tags":[],"class_list":["post-17181","post","type-post","status-publish","format-standard","has-post-thumbnail","hentry","category-salud"],"_links":{"self":[{"href":"https:\/\/sertv.gob.pa\/nacionalfm\/wp-json\/wp\/v2\/posts\/17181","targetHints":{"allow":["GET"]}}],"collection":[{"href":"https:\/\/sertv.gob.pa\/nacionalfm\/wp-json\/wp\/v2\/posts"}],"about":[{"href":"https:\/\/sertv.gob.pa\/nacionalfm\/wp-json\/wp\/v2\/types\/post"}],"author":[{"embeddable":true,"href":"https:\/\/sertv.gob.pa\/nacionalfm\/wp-json\/wp\/v2\/users\/1"}],"replies":[{"embeddable":true,"href":"https:\/\/sertv.gob.pa\/nacionalfm\/wp-json\/wp\/v2\/comments?post=17181"}],"version-history":[{"count":0,"href":"https:\/\/sertv.gob.pa\/nacionalfm\/wp-json\/wp\/v2\/posts\/17181\/revisions"}],"wp:featuredmedia":[{"embeddable":true,"href":"https:\/\/sertv.gob.pa\/nacionalfm\/wp-json\/wp\/v2\/media\/17182"}],"wp:attachment":[{"href":"https:\/\/sertv.gob.pa\/nacionalfm\/wp-json\/wp\/v2\/media?parent=17181"}],"wp:term":[{"taxonomy":"category","embeddable":true,"href":"https:\/\/sertv.gob.pa\/nacionalfm\/wp-json\/wp\/v2\/categories?post=17181"},{"taxonomy":"post_tag","embeddable":true,"href":"https:\/\/sertv.gob.pa\/nacionalfm\/wp-json\/wp\/v2\/tags?post=17181"}],"curies":[{"name":"wp","href":"https:\/\/api.w.org\/{rel}","templated":true}]}}