{"id":1720,"date":"2014-09-28T05:00:00","date_gmt":"2014-09-28T05:00:00","guid":{"rendered":""},"modified":"2014-09-28T05:00:00","modified_gmt":"2014-09-28T05:00:00","slug":"a-realizarse-segunda-version-de-radioton-de-la-fundacion-operacion-sonrisa","status":"publish","type":"post","link":"https:\/\/sertv.gob.pa\/nacionalfm\/a-realizarse-segunda-version-de-radioton-de-la-fundacion-operacion-sonrisa\/","title":{"rendered":"A realizarse segunda versi\u00f3n de Radiot\u00f3n de la Fundaci\u00f3n Operaci\u00f3n Sonrisa"},"content":{"rendered":"<p>\nLos Representantes de la  Fundaci\u00f3n Sonrisa , llevar\u00e1n a cabo el s\u00e1bado, 4 de octubre, desde las  9:00 a.m. hasta las 5:00 p.m ., su segunda versi\u00f3n de  Radiot\u00f3n , una colecta nacional cuyo epicentro ser\u00e1 el  supercentro El Dorado.  <\/p>\n<p>De esta actividad, lo que sea recolectado  ser\u00e1 destinado a la misi\u00f3n   de operar a 21 pacientes   con secuelas de quemaduras y 7   con labio leporino y paladar hendido, un defecto cong\u00e9nito en el que el labio superior y el paladar no se desarrollan correctamente durante el embarazo.  <\/p>\n<p>En referencia al  labio leporino  \u00e9sta es una de las malformaciones que  Operaci\u00f3n Sonrisa  se encarga de cooperar a corregir, adem\u00e1s de paladar hendido, sindactilia (dedos pegados) y polidactilia (dedos de m\u00e1s). <\/p>\n<p>Con respecto a las intervenciones, las mismas se estar\u00e1n efectuando del 20 al 24 de octubre en el Hospital Santo Tom\u00e1s. <\/p>\n<p> &ldquo;En abril pasado operamos a 200 pacientes de estas malformaciones en David, Chiriqu\u00ed&rdquo;, inform\u00f3 Mar\u00eda Gabriela Sagel, directora ejecutiva de la fundaci\u00f3n Operaci\u00f3n Sonrisa. &ldquo;Hacemos tres captaciones al a\u00f1o: una en Chiriqu\u00ed, otra en Santiago y otra en Panam\u00e1 por medio de llamados y anuncios a pacientes de todas las edades, aunque la gran mayor\u00eda, un 90%, son ni\u00f1os&rdquo;, a\u00f1adi\u00f3.  <\/p>\n<p>Cabe resaltar, que para la actividad se presentar\u00e1n figuras nacionales como Mart\u00edn Machore, Comando Tibur\u00f3n, Cellula, Rellio, Oc\u00e9ano, Os Almirantes, Minel, Mista Mach, DJ Fidel Coronado, entre otros. <\/p>\n<p>De acuerdo a Sagel, poco m\u00e1s o menos de 220 personas son operadas cada a\u00f1o con el apoyo de  Operaci\u00f3n Sonrisa.  &ldquo;Los profesionales m\u00e9dicos son paname\u00f1os y somos el \u00fanico pa\u00eds &ndash;entre los 60 que integran  Operaci\u00f3n Sonrisa &ndash; que tiene un equipo m\u00e9dico completo moviliz\u00e1ndose entre Panam\u00e1 y Chiriqu\u00ed&rdquo;, puntualiz\u00f3.\u00a0 @nacionalFm <\/p>\n","protected":false},"excerpt":{"rendered":"<p>Los Representantes de la Fundaci\u00f3n Sonrisa , llevar\u00e1n a cabo <a href=\"https:\/\/sertv.gob.pa\/nacionalfm\/a-realizarse-segunda-version-de-radioton-de-la-fundacion-operacion-sonrisa\/\"> [&#8230;]<\/a><\/p>\n","protected":false},"author":1,"featured_media":1721,"comment_status":"closed","ping_status":"closed","sticky":false,"template":"","format":"standard","meta":{"footnotes":""},"categories":[5],"tags":[],"class_list":["post-1720","post","type-post","status-publish","format-standard","has-post-thumbnail","hentry","category-salud"],"_links":{"self":[{"href":"https:\/\/sertv.gob.pa\/nacionalfm\/wp-json\/wp\/v2\/posts\/1720","targetHints":{"allow":["GET"]}}],"collection":[{"href":"https:\/\/sertv.gob.pa\/nacionalfm\/wp-json\/wp\/v2\/posts"}],"about":[{"href":"https:\/\/sertv.gob.pa\/nacionalfm\/wp-json\/wp\/v2\/types\/post"}],"author":[{"embeddable":true,"href":"https:\/\/sertv.gob.pa\/nacionalfm\/wp-json\/wp\/v2\/users\/1"}],"replies":[{"embeddable":true,"href":"https:\/\/sertv.gob.pa\/nacionalfm\/wp-json\/wp\/v2\/comments?post=1720"}],"version-history":[{"count":0,"href":"https:\/\/sertv.gob.pa\/nacionalfm\/wp-json\/wp\/v2\/posts\/1720\/revisions"}],"wp:featuredmedia":[{"embeddable":true,"href":"https:\/\/sertv.gob.pa\/nacionalfm\/wp-json\/wp\/v2\/media\/1721"}],"wp:attachment":[{"href":"https:\/\/sertv.gob.pa\/nacionalfm\/wp-json\/wp\/v2\/media?parent=1720"}],"wp:term":[{"taxonomy":"category","embeddable":true,"href":"https:\/\/sertv.gob.pa\/nacionalfm\/wp-json\/wp\/v2\/categories?post=1720"},{"taxonomy":"post_tag","embeddable":true,"href":"https:\/\/sertv.gob.pa\/nacionalfm\/wp-json\/wp\/v2\/tags?post=1720"}],"curies":[{"name":"wp","href":"https:\/\/api.w.org\/{rel}","templated":true}]}}