{"id":17201,"date":"2016-11-29T16:27:15","date_gmt":"2016-11-29T16:27:15","guid":{"rendered":""},"modified":"2016-11-29T16:27:15","modified_gmt":"2016-11-29T16:27:15","slug":"este-viernes-final-de-la-liga-profesional-de-baloncesto","status":"publish","type":"post","link":"https:\/\/sertv.gob.pa\/nacionalfm\/este-viernes-final-de-la-liga-profesional-de-baloncesto\/","title":{"rendered":"Este viernes final de la Liga Profesional de Baloncesto"},"content":{"rendered":"<p>\n Este viernes 2 de diciembre en la Arena Roberto Dur\u00e1n se efectuar\u00e1 el partido final de la Liga Profesional de Baloncesto a las 9: 00 de la noche, entre Los Caballos de Cocl\u00e9 y Los Correcaminos de Col\u00f3n.  <\/p>\n<p> Para brindar detalles sobre este evento la LPB convoc\u00f3 a una conferencia de prensa para ma\u00f1ana mi\u00e9rcoles 30 de noviembre en el restaurante B-Dubs en Calle Uruguay, a las 10: 00 de la ma\u00f1ana.  <\/p>\n<p> Estar\u00e1n presentes en la conferencia los directores t\u00e9cnicos y capitanes de los Caballos y los Correcaminos, directivos de los quintetos, dirigentes de la LPB y de la Federaci\u00f3n Paname\u00f1a de Baloncesto, entre ellos el presidente de la misma Adolfo &ldquo;Baby&rdquo; Valderrama.  <\/p>\n","protected":false},"excerpt":{"rendered":"<p>Este viernes 2 de diciembre en la Arena Roberto Dur\u00e1n <a href=\"https:\/\/sertv.gob.pa\/nacionalfm\/este-viernes-final-de-la-liga-profesional-de-baloncesto\/\"> [&#8230;]<\/a><\/p>\n","protected":false},"author":1,"featured_media":17202,"comment_status":"closed","ping_status":"closed","sticky":false,"template":"","format":"standard","meta":{"footnotes":""},"categories":[4],"tags":[],"class_list":["post-17201","post","type-post","status-publish","format-standard","has-post-thumbnail","hentry","category-deportes"],"_links":{"self":[{"href":"https:\/\/sertv.gob.pa\/nacionalfm\/wp-json\/wp\/v2\/posts\/17201","targetHints":{"allow":["GET"]}}],"collection":[{"href":"https:\/\/sertv.gob.pa\/nacionalfm\/wp-json\/wp\/v2\/posts"}],"about":[{"href":"https:\/\/sertv.gob.pa\/nacionalfm\/wp-json\/wp\/v2\/types\/post"}],"author":[{"embeddable":true,"href":"https:\/\/sertv.gob.pa\/nacionalfm\/wp-json\/wp\/v2\/users\/1"}],"replies":[{"embeddable":true,"href":"https:\/\/sertv.gob.pa\/nacionalfm\/wp-json\/wp\/v2\/comments?post=17201"}],"version-history":[{"count":0,"href":"https:\/\/sertv.gob.pa\/nacionalfm\/wp-json\/wp\/v2\/posts\/17201\/revisions"}],"wp:featuredmedia":[{"embeddable":true,"href":"https:\/\/sertv.gob.pa\/nacionalfm\/wp-json\/wp\/v2\/media\/17202"}],"wp:attachment":[{"href":"https:\/\/sertv.gob.pa\/nacionalfm\/wp-json\/wp\/v2\/media?parent=17201"}],"wp:term":[{"taxonomy":"category","embeddable":true,"href":"https:\/\/sertv.gob.pa\/nacionalfm\/wp-json\/wp\/v2\/categories?post=17201"},{"taxonomy":"post_tag","embeddable":true,"href":"https:\/\/sertv.gob.pa\/nacionalfm\/wp-json\/wp\/v2\/tags?post=17201"}],"curies":[{"name":"wp","href":"https:\/\/api.w.org\/{rel}","templated":true}]}}