{"id":17205,"date":"2016-11-29T17:01:56","date_gmt":"2016-11-29T17:01:56","guid":{"rendered":""},"modified":"2016-11-29T17:01:56","modified_gmt":"2016-11-29T17:01:56","slug":"la-roca-de-gracia-retiene-invicto-y-titulo-fedecaribe-de-la-amb","status":"publish","type":"post","link":"https:\/\/sertv.gob.pa\/nacionalfm\/la-roca-de-gracia-retiene-invicto-y-titulo-fedecaribe-de-la-amb\/","title":{"rendered":"\u201cLa Roca\u201d De Gracia retiene invicto y t\u00edtulo FEDECARIBE de la AMB"},"content":{"rendered":"<p>\nEl invicto p\u00fagil chiricano Brian &ldquo;La Roca&rdquo; Degracia mantuvo su t\u00edtulo FEDECARIBE de los pesos plumas de la Asociaci\u00f3n Mundial de Boxeo al vencer por K.O.T. en el noveno y \u00faltimo asalto al coclesano Gilberto &ldquo;Farall\u00f3n&rdquo; Cort\u00e9z, luego de derribarlo en 4 ocasiones, algo inexplicable ya que el reglamento de la AMB habla de 3 ca\u00eddas. <\/p>\n<p>&ldquo;La Roca&rdquo; De Gracia a pesar de dominar el encuentro se mostr\u00f3 algo desordenado y desesperado, manifest\u00f3 despu\u00e9s del encuentro a Nacional FM que reconoce su actitud en este combate, pero se sent\u00eda indignado primero por la derrota que le hab\u00eda infringido su compa\u00f1ero de cuadra Daniel &ldquo;Macarr\u00f3n&rdquo; Miranda, y por lo mucho que hablaron tanto Cortez como su apoderado Ernesto &ldquo;Chibata&rdquo; Marcel, quien manifest\u00f3 que los chiricanos eran bocones y que \u00e9l era un bulto fabricado. <\/p>\n<p>En otros combates, en la coestelar Daniel &ldquo;Macarr\u00f3n&rdquo; Miranda se qued\u00f3 con el invicto del sante\u00f1o Galindo C\u00e1rdenas al vencerlo por decisi\u00f3n dividida de los jueces, en otro combate Nelson Guill\u00e9n se mostr\u00f3 muy mejorado y con buena preparaci\u00f3n f\u00edsica para llevarse la victoria por K.O.T. en el tercer asalto sobre Hilmer Ba\u00fales. <\/p>\n<p>En movida pelea el nicarag\u00fcense Wilson Silva venci\u00f3 por decisi\u00f3n un\u00e1nime de los jueces al chiricano N\u00e9stor Del Cid, el nicarag\u00fcense Jordan Reyes venci\u00f3 por decisi\u00f3n un\u00e1nime al mexicano Gilberto Flores. <\/p>\n<p>El colombiano Leonardo Puente venci\u00f3 por K.O. en el tercer asalto a Ismael Santos y en la pelea de abrir el debutante Jonh Hilber venci\u00f3 por K.O. tambi\u00e9n en el tercer round a Alvis Cede\u00f1o. <\/p>\n","protected":false},"excerpt":{"rendered":"<p>El invicto p\u00fagil chiricano Brian &ldquo;La Roca&rdquo; Degracia mantuvo su <a href=\"https:\/\/sertv.gob.pa\/nacionalfm\/la-roca-de-gracia-retiene-invicto-y-titulo-fedecaribe-de-la-amb\/\"> [&#8230;]<\/a><\/p>\n","protected":false},"author":1,"featured_media":17206,"comment_status":"closed","ping_status":"closed","sticky":false,"template":"","format":"standard","meta":{"footnotes":""},"categories":[4],"tags":[],"class_list":["post-17205","post","type-post","status-publish","format-standard","has-post-thumbnail","hentry","category-deportes"],"_links":{"self":[{"href":"https:\/\/sertv.gob.pa\/nacionalfm\/wp-json\/wp\/v2\/posts\/17205","targetHints":{"allow":["GET"]}}],"collection":[{"href":"https:\/\/sertv.gob.pa\/nacionalfm\/wp-json\/wp\/v2\/posts"}],"about":[{"href":"https:\/\/sertv.gob.pa\/nacionalfm\/wp-json\/wp\/v2\/types\/post"}],"author":[{"embeddable":true,"href":"https:\/\/sertv.gob.pa\/nacionalfm\/wp-json\/wp\/v2\/users\/1"}],"replies":[{"embeddable":true,"href":"https:\/\/sertv.gob.pa\/nacionalfm\/wp-json\/wp\/v2\/comments?post=17205"}],"version-history":[{"count":0,"href":"https:\/\/sertv.gob.pa\/nacionalfm\/wp-json\/wp\/v2\/posts\/17205\/revisions"}],"wp:featuredmedia":[{"embeddable":true,"href":"https:\/\/sertv.gob.pa\/nacionalfm\/wp-json\/wp\/v2\/media\/17206"}],"wp:attachment":[{"href":"https:\/\/sertv.gob.pa\/nacionalfm\/wp-json\/wp\/v2\/media?parent=17205"}],"wp:term":[{"taxonomy":"category","embeddable":true,"href":"https:\/\/sertv.gob.pa\/nacionalfm\/wp-json\/wp\/v2\/categories?post=17205"},{"taxonomy":"post_tag","embeddable":true,"href":"https:\/\/sertv.gob.pa\/nacionalfm\/wp-json\/wp\/v2\/tags?post=17205"}],"curies":[{"name":"wp","href":"https:\/\/api.w.org\/{rel}","templated":true}]}}