{"id":17211,"date":"2016-11-29T18:02:00","date_gmt":"2016-11-29T18:02:00","guid":{"rendered":""},"modified":"2016-11-29T18:02:00","modified_gmt":"2016-11-29T18:02:00","slug":"cerca-del-40-de-portadores-del-vih-desconocen-su-condicion","status":"publish","type":"post","link":"https:\/\/sertv.gob.pa\/nacionalfm\/cerca-del-40-de-portadores-del-vih-desconocen-su-condicion\/","title":{"rendered":"Cerca del 40 % de portadores del VIH desconocen su condici\u00f3n"},"content":{"rendered":"<p>\nUna de las razones son las dificultades que existen en algunos sitios para tener acceso a servicios de diagn\u00f3stico, una situaci\u00f3n que la entidad sanitaria puso de relieve con ocasi\u00f3n del D\u00eda Mundial del Sida, el 1 de diciembre pr\u00f3ximo. <\/p>\n<p>Seg\u00fan los \u00faltimos datos de los que se dispone, m\u00e1s de 18 millones de seropositivos carecen actualmente de acceso a tratamientos con medicamentos antirretrovirales y 14 millones de ellos no saben que son portadores del VIH. <\/p>\n<p>\u00abMillones de personas que tienen el VIH no se benefician del tratamiento indispensable que, tambi\u00e9n, puede impedir que transmitan el virus a otros\u00bb, indic\u00f3 la directora general de la OMS, Margaret Chan. <\/p>\n<p>Frente a esta situaci\u00f3n, la organizaci\u00f3n ha optado por promover el autodiagn\u00f3stico, que puede ser efectuado por la propia persona con un poco de su saliva o pic\u00e1ndose la yema de un dedo con una aguja. <\/p>\n<p>Esto permite a las personas conocer su situaci\u00f3n de manera privada, en un lugar c\u00f3modo para ellas, con un resultado que est\u00e1 listo en veinte minutos. En caso de un resultado positivo, la OMS aconseja a la persona que acuda a un centro m\u00e9dico para una confirmaci\u00f3n y donde igualmente puede recibir consejo y orientaci\u00f3n r\u00e1pida hacia los servicios de prevenci\u00f3n y tratamiento. <\/p>\n<p>\u00abEl autodiagn\u00f3stico es un medio de llegar a m\u00e1s gente a la que no se ha diagnosticado la infecci\u00f3n, ofreci\u00e9ndoles la oportunidad de tomar las medidas necesarias antes de que caigan enfermos\u00bb, indic\u00f3 Chan. <\/p>\n<p>Se considera que el enfoque del autodiagn\u00f3stico es particularmente importante en aquellos lugares donde hay dificultades para acceder a un servicio ordinario de despistaje. <\/p>\n<p>En los diez \u00faltimos a\u00f1os, las personas que conocen su estado de VIH ha pasado del 12 al 40 por ciento por ciento a escala mundial. Una de las mayores consecuencias positivas ha sido que ocho de cada diez personas diagnosticadas positivo reciben un tratamiento antirretroviral. <\/p>\n<p>\u00a0 <\/p>\n","protected":false},"excerpt":{"rendered":"<p>Una de las razones son las dificultades que existen en <a href=\"https:\/\/sertv.gob.pa\/nacionalfm\/cerca-del-40-de-portadores-del-vih-desconocen-su-condicion\/\"> [&#8230;]<\/a><\/p>\n","protected":false},"author":1,"featured_media":17212,"comment_status":"closed","ping_status":"closed","sticky":false,"template":"","format":"standard","meta":{"footnotes":""},"categories":[5],"tags":[],"class_list":["post-17211","post","type-post","status-publish","format-standard","has-post-thumbnail","hentry","category-salud"],"_links":{"self":[{"href":"https:\/\/sertv.gob.pa\/nacionalfm\/wp-json\/wp\/v2\/posts\/17211","targetHints":{"allow":["GET"]}}],"collection":[{"href":"https:\/\/sertv.gob.pa\/nacionalfm\/wp-json\/wp\/v2\/posts"}],"about":[{"href":"https:\/\/sertv.gob.pa\/nacionalfm\/wp-json\/wp\/v2\/types\/post"}],"author":[{"embeddable":true,"href":"https:\/\/sertv.gob.pa\/nacionalfm\/wp-json\/wp\/v2\/users\/1"}],"replies":[{"embeddable":true,"href":"https:\/\/sertv.gob.pa\/nacionalfm\/wp-json\/wp\/v2\/comments?post=17211"}],"version-history":[{"count":0,"href":"https:\/\/sertv.gob.pa\/nacionalfm\/wp-json\/wp\/v2\/posts\/17211\/revisions"}],"wp:featuredmedia":[{"embeddable":true,"href":"https:\/\/sertv.gob.pa\/nacionalfm\/wp-json\/wp\/v2\/media\/17212"}],"wp:attachment":[{"href":"https:\/\/sertv.gob.pa\/nacionalfm\/wp-json\/wp\/v2\/media?parent=17211"}],"wp:term":[{"taxonomy":"category","embeddable":true,"href":"https:\/\/sertv.gob.pa\/nacionalfm\/wp-json\/wp\/v2\/categories?post=17211"},{"taxonomy":"post_tag","embeddable":true,"href":"https:\/\/sertv.gob.pa\/nacionalfm\/wp-json\/wp\/v2\/tags?post=17211"}],"curies":[{"name":"wp","href":"https:\/\/api.w.org\/{rel}","templated":true}]}}