{"id":17213,"date":"2016-11-29T18:27:35","date_gmt":"2016-11-29T18:27:35","guid":{"rendered":""},"modified":"2016-11-29T18:27:35","modified_gmt":"2016-11-29T18:27:35","slug":"a-nivel-nacional-seis-cuenta-con-mas-400-mil-usuarios","status":"publish","type":"post","link":"https:\/\/sertv.gob.pa\/nacionalfm\/a-nivel-nacional-seis-cuenta-con-mas-400-mil-usuarios\/","title":{"rendered":"A nivel nacional SEIS cuenta con m\u00e1s 400 mil usuarios"},"content":{"rendered":"<p>\nEl Ministerio de Salud, en conjunto con la empresa Cable and Wireless, activ\u00f3 en el Hospital Integrado Aquilino Tejeira, localizado en el distrito de Penonom\u00e9, provincia de Cocl\u00e9, la nueva plataforma denominada Sistema Electr\u00f3nico de Informaci\u00f3n de Salud (SEIS) o expediente electr\u00f3nico, que a la fecha cuenta con m\u00e1s de 400 mil usuarios.\u00a0 <\/p>\n<p>En esta provincia, el SEIS se est\u00e1 ejecutando en hospitales ubicados en Pocr\u00ed, R\u00edo Hato, el Materno Infantil en Ant\u00f3n y en el Hospital Aquilino Tejeira en Penonom\u00e9, donde beneficiar\u00e1 a 130 mil pacientes. <\/p>\n<p>El SEIS cambia la forma de ver el expediente de un paciente, pues este pasa de estar \u00a0de papel a digital, facilitando y optimizando la atenci\u00f3n del servicio de salud en los hospitales del MINSA. <\/p>\n<p>Con la nueva plataforma tecnol\u00f3gica, el m\u00e9dico que lo atiende a usted podr\u00e1 verificar su historial m\u00e9dico desde una computadora. <\/p>\n<p>De acuerdo al Ministro de Salud, Dr. Miguel Mayo, quien estuvo presente en la implementaci\u00f3n de la plataforma SEIS en Cocl\u00e9, el expediente electr\u00f3nico va a beneficiar a todos quienes usan los servicios de salud p\u00fablicos y disminuir\u00e1 la duplicidad de ex\u00e1menes de laboratorios y otros servicios. <\/p>\n<p>&ldquo;Con la nueva herramienta no va a importar en que hospital del MINSA usted se atienda en el pa\u00eds, el m\u00e9dico va a tener acceso a su historial m\u00e9dico o cuadr\u00edcula&rdquo;, se\u00f1al\u00f3. <\/p>\n<p>Seg\u00fan el Jefe de la cartera de Salud, uno de los principales retos del SEIS es que sea compatible con el sistema de la Caja de Seguro Social, el cual es uno de los objetivos de la transformaci\u00f3n del Sistema Salud. <\/p>\n<p>Por su parte, el Director Ejecutivo de Negocios Corporativos de Cable and Wireless Panam\u00e1, Emilio Flores, la plataforma digital permitir\u00e1 que el personal de Salud pueda gestionar de una manera f\u00e1cil y r\u00e1pida la atenci\u00f3n al paciente. <\/p>\n<p>A la fecha el Sistema Electr\u00f3nico de Informaci\u00f3n de Salud (SEIS) ya se est\u00e1 ejecutando en al menos 60 centros hospitalarios bajo la cobertura del MINSA. <\/p>\n<p>\u00a0 <\/p>\n","protected":false},"excerpt":{"rendered":"<p>El Ministerio de Salud, en conjunto con la empresa Cable <a href=\"https:\/\/sertv.gob.pa\/nacionalfm\/a-nivel-nacional-seis-cuenta-con-mas-400-mil-usuarios\/\"> [&#8230;]<\/a><\/p>\n","protected":false},"author":1,"featured_media":17214,"comment_status":"closed","ping_status":"closed","sticky":false,"template":"","format":"standard","meta":{"footnotes":""},"categories":[5],"tags":[],"class_list":["post-17213","post","type-post","status-publish","format-standard","has-post-thumbnail","hentry","category-salud"],"_links":{"self":[{"href":"https:\/\/sertv.gob.pa\/nacionalfm\/wp-json\/wp\/v2\/posts\/17213","targetHints":{"allow":["GET"]}}],"collection":[{"href":"https:\/\/sertv.gob.pa\/nacionalfm\/wp-json\/wp\/v2\/posts"}],"about":[{"href":"https:\/\/sertv.gob.pa\/nacionalfm\/wp-json\/wp\/v2\/types\/post"}],"author":[{"embeddable":true,"href":"https:\/\/sertv.gob.pa\/nacionalfm\/wp-json\/wp\/v2\/users\/1"}],"replies":[{"embeddable":true,"href":"https:\/\/sertv.gob.pa\/nacionalfm\/wp-json\/wp\/v2\/comments?post=17213"}],"version-history":[{"count":0,"href":"https:\/\/sertv.gob.pa\/nacionalfm\/wp-json\/wp\/v2\/posts\/17213\/revisions"}],"wp:featuredmedia":[{"embeddable":true,"href":"https:\/\/sertv.gob.pa\/nacionalfm\/wp-json\/wp\/v2\/media\/17214"}],"wp:attachment":[{"href":"https:\/\/sertv.gob.pa\/nacionalfm\/wp-json\/wp\/v2\/media?parent=17213"}],"wp:term":[{"taxonomy":"category","embeddable":true,"href":"https:\/\/sertv.gob.pa\/nacionalfm\/wp-json\/wp\/v2\/categories?post=17213"},{"taxonomy":"post_tag","embeddable":true,"href":"https:\/\/sertv.gob.pa\/nacionalfm\/wp-json\/wp\/v2\/tags?post=17213"}],"curies":[{"name":"wp","href":"https:\/\/api.w.org\/{rel}","templated":true}]}}