{"id":17239,"date":"2016-11-30T18:25:25","date_gmt":"2016-11-30T18:25:25","guid":{"rendered":""},"modified":"2016-11-30T18:25:25","modified_gmt":"2016-11-30T18:25:25","slug":"ong-argentina-tiflonexos-premiada-por-su-labor-para-invidentes","status":"publish","type":"post","link":"https:\/\/sertv.gob.pa\/nacionalfm\/ong-argentina-tiflonexos-premiada-por-su-labor-para-invidentes\/","title":{"rendered":"ONG argentina Tiflonexos premiada por su labor para invidentes"},"content":{"rendered":"<p>\nLa ONG argentina de ayuda a invidentes Tiflonexos Asociaci\u00f3n Civil fue galardonada con el premio Unesco Emir Jaber al-Ahmad al-Jaber al-Sabah para la autonomizaci\u00f3n de personas con discapacidad por medio de las tecnolog\u00edas digitales. <\/p>\n<p>Esta ONG, creada en 1999 por un grupo de amigos invidentes, recibir\u00e1 el galard\u00f3n en una ceremonia que tendr\u00e1 lugar en la sede de la Organizaci\u00f3n de la ONU para la Educaci\u00f3n, la Ciencia y la Cultura (Unesco) en Par\u00eds el pr\u00f3ximo viernes, D\u00eda Internacional de las Personas Discapacitadas. <\/p>\n<p>El prop\u00f3sito inicial de Tiflonexos era intercambiar libros a trav\u00e9s de internet, para lo que crearon una biblioteca colaborativa en l\u00ednea y de libre acceso para las personas con deficiencias visuales en Argentina, indic\u00f3 la Unesco en un comunicado. <\/p>\n<p>A\u00f1os despu\u00e9s, esta iniciativa que persegu\u00eda darles un mayor acceso a la informaci\u00f3n, la cultura y la educaci\u00f3n, \u00abpor entonces muy limitados en la regi\u00f3n\u00bb, propone hoy m\u00e1s de 50 mil t\u00edtulos a m\u00e1s de 7 mil usuarios y 300 organizaciones en todo el mundo. <\/p>\n<p>En 2007 la ONG contribuy\u00f3 a la reforma de la ley sobre los derechos de autor en Argentina, pa\u00eds al que siguieron otros vecinos latinoamericanos, a\u00f1adi\u00f3. Tiflonexos jug\u00f3 igualmente un papel esencial en la adopci\u00f3n del primer tratado de las Naciones Unidas sobre el acceso a los libros para los deficientes visuales, firmado en Marrakech en 2013. <\/p>\n<p>Con este galard\u00f3n, la Unesco reconoce cada dos a\u00f1os la labor de una organizaci\u00f3n y un individuo, \u00abpor su contribuci\u00f3n excepcional en la integraci\u00f3n y la mejora de la vida de las personas discapacitadas gracias a la aplicaci\u00f3n de soluciones, medios y tecnolog\u00edas digitales\u00bb. <\/p>\n<p>El premio en la categor\u00eda individual recay\u00f3 en esta ocasi\u00f3n en el suizo Alizera Darvishy, uno de los primeros estudiantes discapacitados en doctorarse en inform\u00e1tica, y uno de los primeros profesores de tecnolog\u00edas de la informaci\u00f3n y la comunicaci\u00f3n de la Universidad de ciencias aplicadas de Z\u00farich. <\/p>\n<p>Tiflonexos y Darvishy compartir\u00e1n a partes iguales el premio econ\u00f3mico de 40 mil d\u00f3lares con que est\u00e1 dotado el galard\u00f3n. <\/p>\n<p>\u00a0 <\/p>\n","protected":false},"excerpt":{"rendered":"<p>La ONG argentina de ayuda a invidentes Tiflonexos Asociaci\u00f3n Civil <a href=\"https:\/\/sertv.gob.pa\/nacionalfm\/ong-argentina-tiflonexos-premiada-por-su-labor-para-invidentes\/\"> [&#8230;]<\/a><\/p>\n","protected":false},"author":1,"featured_media":17240,"comment_status":"closed","ping_status":"closed","sticky":false,"template":"","format":"standard","meta":{"footnotes":""},"categories":[5],"tags":[],"class_list":["post-17239","post","type-post","status-publish","format-standard","has-post-thumbnail","hentry","category-salud"],"_links":{"self":[{"href":"https:\/\/sertv.gob.pa\/nacionalfm\/wp-json\/wp\/v2\/posts\/17239","targetHints":{"allow":["GET"]}}],"collection":[{"href":"https:\/\/sertv.gob.pa\/nacionalfm\/wp-json\/wp\/v2\/posts"}],"about":[{"href":"https:\/\/sertv.gob.pa\/nacionalfm\/wp-json\/wp\/v2\/types\/post"}],"author":[{"embeddable":true,"href":"https:\/\/sertv.gob.pa\/nacionalfm\/wp-json\/wp\/v2\/users\/1"}],"replies":[{"embeddable":true,"href":"https:\/\/sertv.gob.pa\/nacionalfm\/wp-json\/wp\/v2\/comments?post=17239"}],"version-history":[{"count":0,"href":"https:\/\/sertv.gob.pa\/nacionalfm\/wp-json\/wp\/v2\/posts\/17239\/revisions"}],"wp:featuredmedia":[{"embeddable":true,"href":"https:\/\/sertv.gob.pa\/nacionalfm\/wp-json\/wp\/v2\/media\/17240"}],"wp:attachment":[{"href":"https:\/\/sertv.gob.pa\/nacionalfm\/wp-json\/wp\/v2\/media?parent=17239"}],"wp:term":[{"taxonomy":"category","embeddable":true,"href":"https:\/\/sertv.gob.pa\/nacionalfm\/wp-json\/wp\/v2\/categories?post=17239"},{"taxonomy":"post_tag","embeddable":true,"href":"https:\/\/sertv.gob.pa\/nacionalfm\/wp-json\/wp\/v2\/tags?post=17239"}],"curies":[{"name":"wp","href":"https:\/\/api.w.org\/{rel}","templated":true}]}}