{"id":17241,"date":"2016-11-30T18:32:57","date_gmt":"2016-11-30T18:32:57","guid":{"rendered":""},"modified":"2016-11-30T18:32:57","modified_gmt":"2016-11-30T18:32:57","slug":"nuevos-casos-de-vih-han-aumentado-un-7-en-europa","status":"publish","type":"post","link":"https:\/\/sertv.gob.pa\/nacionalfm\/nuevos-casos-de-vih-han-aumentado-un-7-en-europa\/","title":{"rendered":"Nuevos casos de VIH han aumentado un 7% en Europa"},"content":{"rendered":"<p>\nLa Organizaci\u00f3n Mundial de la Salud (OMS) ha alertado de un incremento \u00a0de casos de infecci\u00f3n por VIH en la regi\u00f3n Europea en 2015, en comparaci\u00f3n con los datos publicado el a\u00f1o anterior. As\u00ed, por primera vez, el n\u00famero acumulado de casos supera los dos millones, \u00a0mientras que las nuevas infecciones han aumentado un 7% con respecto al a\u00f1o anterior &#8211; con m\u00e1s de 153.000 nuevos casos-; este dato se convierte en el m\u00e1s alto desde la d\u00e9cada de 1980. <\/p>\n<p>Estas son las principales conclusiones del nuevo informe &#8216;La vigilancia del VIH\/Sida en Europa 2015&#8217;, publicado conjuntamente por la  Oficina Regional de la OMS para Europa  de la OMS y el  Centro Europeo para la Prevenci\u00f3n y Control de Enfermedades  (ECDC, por sus siglas en ingl\u00e9s), con motivo de la celebraci\u00f3n del D\u00eda Mundial del Sida. <\/p>\n<p>\u00abA pesar de los importantes esfuerzos, el VIH contin\u00faa siendo uno de los principales problemas de salud p\u00fablica en la Regi\u00f3n Europea de la OMS, en particular en su parte oriental.  El a\u00f1o 2015 registr\u00f3 el mayor n\u00famero de casos nuevos en un a\u00f1o , lo que contribuye a aumentar el p\u00e9simo dato de los 2 millones de casos acumulados\u00bb, ha explicado la doctora Zsuzsanna Jakab, directora regional de la OMS para Europa. <\/p>\n<p>Zsuzsanna ha recordado que, para hacer frente a esta situaci\u00f3n cr\u00edtica, se ha puesto a disposici\u00f3n de los Pa\u00edses Miembros un nuevo plan de acci\u00f3n, que fue probado en septiembre de 2016. \u00abAhora llamamos a los l\u00edderes de los pa\u00edses para utilizar este plan para una respuesta urgente, acelerada e innovador para el VIH en la regi\u00f3n, a revertir la epidemia de sida inmediatamente y conseguir que acabe en 2030\u00bb, ha indicado. <\/p>\n<p>\u00a0 <\/p>\n","protected":false},"excerpt":{"rendered":"<p>La Organizaci\u00f3n Mundial de la Salud (OMS) ha alertado de <a href=\"https:\/\/sertv.gob.pa\/nacionalfm\/nuevos-casos-de-vih-han-aumentado-un-7-en-europa\/\"> [&#8230;]<\/a><\/p>\n","protected":false},"author":1,"featured_media":17242,"comment_status":"closed","ping_status":"closed","sticky":false,"template":"","format":"standard","meta":{"footnotes":""},"categories":[5],"tags":[],"class_list":["post-17241","post","type-post","status-publish","format-standard","has-post-thumbnail","hentry","category-salud"],"_links":{"self":[{"href":"https:\/\/sertv.gob.pa\/nacionalfm\/wp-json\/wp\/v2\/posts\/17241","targetHints":{"allow":["GET"]}}],"collection":[{"href":"https:\/\/sertv.gob.pa\/nacionalfm\/wp-json\/wp\/v2\/posts"}],"about":[{"href":"https:\/\/sertv.gob.pa\/nacionalfm\/wp-json\/wp\/v2\/types\/post"}],"author":[{"embeddable":true,"href":"https:\/\/sertv.gob.pa\/nacionalfm\/wp-json\/wp\/v2\/users\/1"}],"replies":[{"embeddable":true,"href":"https:\/\/sertv.gob.pa\/nacionalfm\/wp-json\/wp\/v2\/comments?post=17241"}],"version-history":[{"count":0,"href":"https:\/\/sertv.gob.pa\/nacionalfm\/wp-json\/wp\/v2\/posts\/17241\/revisions"}],"wp:featuredmedia":[{"embeddable":true,"href":"https:\/\/sertv.gob.pa\/nacionalfm\/wp-json\/wp\/v2\/media\/17242"}],"wp:attachment":[{"href":"https:\/\/sertv.gob.pa\/nacionalfm\/wp-json\/wp\/v2\/media?parent=17241"}],"wp:term":[{"taxonomy":"category","embeddable":true,"href":"https:\/\/sertv.gob.pa\/nacionalfm\/wp-json\/wp\/v2\/categories?post=17241"},{"taxonomy":"post_tag","embeddable":true,"href":"https:\/\/sertv.gob.pa\/nacionalfm\/wp-json\/wp\/v2\/tags?post=17241"}],"curies":[{"name":"wp","href":"https:\/\/api.w.org\/{rel}","templated":true}]}}