{"id":17265,"date":"2016-12-01T18:21:33","date_gmt":"2016-12-01T18:21:33","guid":{"rendered":""},"modified":"2016-12-01T18:21:33","modified_gmt":"2016-12-01T18:21:33","slug":"alimentos-recomendados-para-pacientes-de-quimioterapia","status":"publish","type":"post","link":"https:\/\/sertv.gob.pa\/nacionalfm\/alimentos-recomendados-para-pacientes-de-quimioterapia\/","title":{"rendered":"Alimentos recomendados para pacientes de quimioterapia"},"content":{"rendered":"<p>\nExisten algunos alimentos que ayudar\u00e1n a mejorar los\u00a0s\u00edntomas que padecen algunos pacientes que est\u00e1n someti\u00e9ndose a la quimioterapia, tales como\u00a0como la p\u00e9rdida de\u00a0apetito, n\u00e1useas, fatiga, ca\u00edda del cabello, dolores articulares, entre otros. <\/p>\n<p>A continuaci\u00f3n, conoce los alimentos que ayudar\u00e1n a enfrentar la etapa de la quimioterapia:\u00a0\u00a0Germen de trigo, avena, quinua: Son alimentos energ\u00e9ticos que ayudan a incrementar las calor\u00edas de la dieta. <\/p>\n<p>Huevo, pollo y cerdo: Hay que recordar que el huevo es un alimento muy importante, pero hay que lavarlo de forma adecuada,\u00a0antes de cocinarlo, pues se puede contaminar con la salmonella. <\/p>\n<p>Semillas de girasol,\u00a0brotes, ajonjol\u00ed: El sistema de defensas de un paciente est\u00e1 deprimido, por lo que estos alimentos fortalecer\u00e1n\u00a0el sistema inmunol\u00f3gico. <\/p>\n","protected":false},"excerpt":{"rendered":"<p>Existen algunos alimentos que ayudar\u00e1n a mejorar los\u00a0s\u00edntomas que padecen <a href=\"https:\/\/sertv.gob.pa\/nacionalfm\/alimentos-recomendados-para-pacientes-de-quimioterapia\/\"> [&#8230;]<\/a><\/p>\n","protected":false},"author":1,"featured_media":17266,"comment_status":"closed","ping_status":"closed","sticky":false,"template":"","format":"standard","meta":{"footnotes":""},"categories":[5],"tags":[],"class_list":["post-17265","post","type-post","status-publish","format-standard","has-post-thumbnail","hentry","category-salud"],"_links":{"self":[{"href":"https:\/\/sertv.gob.pa\/nacionalfm\/wp-json\/wp\/v2\/posts\/17265","targetHints":{"allow":["GET"]}}],"collection":[{"href":"https:\/\/sertv.gob.pa\/nacionalfm\/wp-json\/wp\/v2\/posts"}],"about":[{"href":"https:\/\/sertv.gob.pa\/nacionalfm\/wp-json\/wp\/v2\/types\/post"}],"author":[{"embeddable":true,"href":"https:\/\/sertv.gob.pa\/nacionalfm\/wp-json\/wp\/v2\/users\/1"}],"replies":[{"embeddable":true,"href":"https:\/\/sertv.gob.pa\/nacionalfm\/wp-json\/wp\/v2\/comments?post=17265"}],"version-history":[{"count":0,"href":"https:\/\/sertv.gob.pa\/nacionalfm\/wp-json\/wp\/v2\/posts\/17265\/revisions"}],"wp:featuredmedia":[{"embeddable":true,"href":"https:\/\/sertv.gob.pa\/nacionalfm\/wp-json\/wp\/v2\/media\/17266"}],"wp:attachment":[{"href":"https:\/\/sertv.gob.pa\/nacionalfm\/wp-json\/wp\/v2\/media?parent=17265"}],"wp:term":[{"taxonomy":"category","embeddable":true,"href":"https:\/\/sertv.gob.pa\/nacionalfm\/wp-json\/wp\/v2\/categories?post=17265"},{"taxonomy":"post_tag","embeddable":true,"href":"https:\/\/sertv.gob.pa\/nacionalfm\/wp-json\/wp\/v2\/tags?post=17265"}],"curies":[{"name":"wp","href":"https:\/\/api.w.org\/{rel}","templated":true}]}}