{"id":17295,"date":"2016-12-02T18:38:53","date_gmt":"2016-12-02T18:38:53","guid":{"rendered":""},"modified":"2016-12-02T18:38:53","modified_gmt":"2016-12-02T18:38:53","slug":"en-un-60-podria-aumentar-contagio-de-vih-entre-adolescentes","status":"publish","type":"post","link":"https:\/\/sertv.gob.pa\/nacionalfm\/en-un-60-podria-aumentar-contagio-de-vih-entre-adolescentes\/","title":{"rendered":"En un 60% podr\u00eda aumentar contagio de VIH entre adolescentes"},"content":{"rendered":"<p>\nEl contagio del virus del VIH entre adolescentes aumentar\u00e1 en un 60% en 2030, si no se logran avances en la lucha contra la enfermedad en esta franja de edad, una de las m\u00e1s vulnerables, alert\u00f3 ayer Unicef. <\/p>\n<p>En el D\u00eda Mundial de Lucha contra el Sida, el organismo advirti\u00f3 que el n\u00famero de contagios entre adolescentes podr\u00edan pasar de los 250 mil al a\u00f1o que se producen actualmente a unos 400 mil en menos de quince a\u00f1os, si se estancan los progresos en combatir la propagaci\u00f3n del virus en el sector m\u00e1s vulnerable de la poblaci\u00f3n. <\/p>\n<p>&lsquo;Cada dos minutos, un adolescente &mdash;las mujeres tienen m\u00e1s probabilidades&mdash; se contagia del VIH. Si queremos acabar con el sida debemos redoblar los esfuerzos para ocuparnos de todos los ni\u00f1os y adolescentes&#8217;, afirm\u00f3 el director ejecutivo de Unicef, Anthony Lake, en un comunicado. <\/p>\n<p>Seg\u00fan datos de este organismo, unos 41 mil adolescentes de entre 10 y 19 a\u00f1os fallecieron de sida en 2015 en todo el mundo. <\/p>\n<p>Adem\u00e1s, 1,1 millones de adolescentes, ni\u00f1os y mujeres contrajeron el virus el a\u00f1o pasado, siendo \u00c1frica subsahariana la regi\u00f3n m\u00e1s afectada. En esta zona, tres de cada cuatro nuevos infectados de entre 15 y 19 a\u00f1os son chicas. <\/p>\n<p>El informe propone varias estrategias para prevenir los contagios del VIH entre adolescentes y tratar a los que ya lo han contra\u00eddo. Por ejemplo, insiste en la necesidad de mejorar la recolecci\u00f3n de datos e incrementar los esfuerzos para combatir la discriminaci\u00f3n sexual y la violencia contra las mujeres. <\/p>\n<p>Erradicar el sida en 2030 es uno de los Objetivos del Desarrollo Sostenible de las Naciones Unidas, que cifra en casi 37 millones las personas que viven con la enfermedad en todo el planeta. <\/p>\n<p>\u00a0 <\/p>\n","protected":false},"excerpt":{"rendered":"<p>El contagio del virus del VIH entre adolescentes aumentar\u00e1 en <a href=\"https:\/\/sertv.gob.pa\/nacionalfm\/en-un-60-podria-aumentar-contagio-de-vih-entre-adolescentes\/\"> [&#8230;]<\/a><\/p>\n","protected":false},"author":1,"featured_media":17296,"comment_status":"closed","ping_status":"closed","sticky":false,"template":"","format":"standard","meta":{"footnotes":""},"categories":[5],"tags":[],"class_list":["post-17295","post","type-post","status-publish","format-standard","has-post-thumbnail","hentry","category-salud"],"_links":{"self":[{"href":"https:\/\/sertv.gob.pa\/nacionalfm\/wp-json\/wp\/v2\/posts\/17295","targetHints":{"allow":["GET"]}}],"collection":[{"href":"https:\/\/sertv.gob.pa\/nacionalfm\/wp-json\/wp\/v2\/posts"}],"about":[{"href":"https:\/\/sertv.gob.pa\/nacionalfm\/wp-json\/wp\/v2\/types\/post"}],"author":[{"embeddable":true,"href":"https:\/\/sertv.gob.pa\/nacionalfm\/wp-json\/wp\/v2\/users\/1"}],"replies":[{"embeddable":true,"href":"https:\/\/sertv.gob.pa\/nacionalfm\/wp-json\/wp\/v2\/comments?post=17295"}],"version-history":[{"count":0,"href":"https:\/\/sertv.gob.pa\/nacionalfm\/wp-json\/wp\/v2\/posts\/17295\/revisions"}],"wp:featuredmedia":[{"embeddable":true,"href":"https:\/\/sertv.gob.pa\/nacionalfm\/wp-json\/wp\/v2\/media\/17296"}],"wp:attachment":[{"href":"https:\/\/sertv.gob.pa\/nacionalfm\/wp-json\/wp\/v2\/media?parent=17295"}],"wp:term":[{"taxonomy":"category","embeddable":true,"href":"https:\/\/sertv.gob.pa\/nacionalfm\/wp-json\/wp\/v2\/categories?post=17295"},{"taxonomy":"post_tag","embeddable":true,"href":"https:\/\/sertv.gob.pa\/nacionalfm\/wp-json\/wp\/v2\/tags?post=17295"}],"curies":[{"name":"wp","href":"https:\/\/api.w.org\/{rel}","templated":true}]}}