{"id":1732,"date":"2014-09-29T05:00:00","date_gmt":"2014-09-29T05:00:00","guid":{"rendered":""},"modified":"2014-09-29T05:00:00","modified_gmt":"2014-09-29T05:00:00","slug":"australia-no-enviara-medicos-contra-ebola-a-africa","status":"publish","type":"post","link":"https:\/\/sertv.gob.pa\/nacionalfm\/australia-no-enviara-medicos-contra-ebola-a-africa\/","title":{"rendered":"Australia no enviar\u00e1 m\u00e9dicos contra \u00e9bola a \u00c1frica"},"content":{"rendered":"<p>\nAustralia descart\u00f3 este lunes enviar m\u00e9dicos al \u00c1frica occidental para ayudar a combatir el brote del \u00e9bola debido a los problemas log\u00edsticos de repatriar a cualquier australiano que se infectara con el virus mortal. <\/p>\n<p>\u00a0Medecins Sans Frontieres, tambi\u00e9n conocido como M\u00e9dicos Sin Fronteras, as\u00ed como el partido opositor australiano, pidieron al gobierno que enviara un equipo m\u00e9dico para asistir en el creciente problema de escasez de doctores en el \u00c1frica occidental, donde el peor brote de \u00e9bola de la historia ya ha matado a 3.000 personas. <\/p>\n<p> \u00a0  Pero la ministra de Exteriores, Julie Bishop, dijo que los departamentos australianos de Defensa y Salud hab\u00edan indicado que Australia no podr\u00eda evacuar de forma segura a personal sanitario australiano. <\/p>\n<p>\u00a0 \u00abEl gobierno australiano no va a arriesgar la salud de trabajadores australianos ante la ausencia de planes de evacuaci\u00f3n cre\u00edbles que puedan traer a nuestra gente de vuelta a Australia\u00bb, dijo Bishop a la prensa. <\/p>\n<p>\u00a0 Un m\u00e9dico estadounidense que fue expuesto al \u00e9bola cuando trabajaba como voluntario en Sierra Leona fue ingresado el domingo en un hospital en el Instituto Nacional de Salud, en Washington D.C., indic\u00f3 la instituci\u00f3n sanitaria estadounidense. <\/p>\n<p>\u00a0 Otros cuatro trabajadores humanitarios estadounidenses que contrajeron el \u00e9bola cuando trabajaban de voluntarios en el brote en \u00c1frica occidental, han recibido tratamiento en hospitales de Georgia y Nebraska. Uno permanece hospitalizado, mientras que los dem\u00e1s se han recuperado. <\/p>\n<p>\u00a0 Australia anunci\u00f3 hace dos semanas que contribuir\u00eda con efecto inmediato con 7 millones de d\u00f3lares australianos (6,4 millones de d\u00f3lares) adicionales para la respuesta internacional al brote.<br \/>\n\u00a0 El pa\u00eds ya hab\u00eda comprometido la entrega de 1 mill\u00f3n de d\u00f3lares australianos a la operaci\u00f3n.\u00a0 @nacionalFm <\/p>\n","protected":false},"excerpt":{"rendered":"<p>Australia descart\u00f3 este lunes enviar m\u00e9dicos al \u00c1frica occidental para <a href=\"https:\/\/sertv.gob.pa\/nacionalfm\/australia-no-enviara-medicos-contra-ebola-a-africa\/\"> [&#8230;]<\/a><\/p>\n","protected":false},"author":1,"featured_media":1733,"comment_status":"closed","ping_status":"closed","sticky":false,"template":"","format":"standard","meta":{"footnotes":""},"categories":[5],"tags":[],"class_list":["post-1732","post","type-post","status-publish","format-standard","has-post-thumbnail","hentry","category-salud"],"_links":{"self":[{"href":"https:\/\/sertv.gob.pa\/nacionalfm\/wp-json\/wp\/v2\/posts\/1732","targetHints":{"allow":["GET"]}}],"collection":[{"href":"https:\/\/sertv.gob.pa\/nacionalfm\/wp-json\/wp\/v2\/posts"}],"about":[{"href":"https:\/\/sertv.gob.pa\/nacionalfm\/wp-json\/wp\/v2\/types\/post"}],"author":[{"embeddable":true,"href":"https:\/\/sertv.gob.pa\/nacionalfm\/wp-json\/wp\/v2\/users\/1"}],"replies":[{"embeddable":true,"href":"https:\/\/sertv.gob.pa\/nacionalfm\/wp-json\/wp\/v2\/comments?post=1732"}],"version-history":[{"count":0,"href":"https:\/\/sertv.gob.pa\/nacionalfm\/wp-json\/wp\/v2\/posts\/1732\/revisions"}],"wp:featuredmedia":[{"embeddable":true,"href":"https:\/\/sertv.gob.pa\/nacionalfm\/wp-json\/wp\/v2\/media\/1733"}],"wp:attachment":[{"href":"https:\/\/sertv.gob.pa\/nacionalfm\/wp-json\/wp\/v2\/media?parent=1732"}],"wp:term":[{"taxonomy":"category","embeddable":true,"href":"https:\/\/sertv.gob.pa\/nacionalfm\/wp-json\/wp\/v2\/categories?post=1732"},{"taxonomy":"post_tag","embeddable":true,"href":"https:\/\/sertv.gob.pa\/nacionalfm\/wp-json\/wp\/v2\/tags?post=1732"}],"curies":[{"name":"wp","href":"https:\/\/api.w.org\/{rel}","templated":true}]}}