{"id":17323,"date":"2016-12-05T18:06:29","date_gmt":"2016-12-05T18:06:29","guid":{"rendered":""},"modified":"2016-12-05T18:06:29","modified_gmt":"2016-12-05T18:06:29","slug":"implantes-de-corazon-artificial-son-suspendidos-en-francia","status":"publish","type":"post","link":"https:\/\/sertv.gob.pa\/nacionalfm\/implantes-de-corazon-artificial-son-suspendidos-en-francia\/","title":{"rendered":"Implantes de coraz\u00f3n artificial son suspendidos en Francia"},"content":{"rendered":"<p>\nLa agencia sanitaria francesa ha decidido &lsquo;suspender&#8217; los implantes del coraz\u00f3n artificial desarrollado por la compa\u00f1\u00eda Carmat luego de la muerte del quinto paciente en el que se hab\u00eda experimentado. <\/p>\n<p>Se trata de una &lsquo;suspensi\u00f3n&#8217; de nuevos implantes en personas para investigar lo que ha sucedido y no del fin de la experimentaci\u00f3n, precis\u00f3 a Efe una portavoz de la Agencia Nacional de Seguridad del Medicamento y de los Productos Sanitarios (ANSM). <\/p>\n<p>El anuncio de las autoridades lleg\u00f3 despu\u00e9s de que Carmat se\u00f1alara que el primer paciente del llamado estudio PIVOT, al que se le hab\u00eda colocado el coraz\u00f3n artificial a finales de agosto, hab\u00eda muerto. <\/p>\n<p>La compa\u00f1\u00eda francesa puntualiz\u00f3 en un comunicado que &lsquo;los an\u00e1lisis efectuados no han mostrado la implicaci\u00f3n de la pr\u00f3tesis en la muerte&#8217;. <\/p>\n<p>En una primera fase previa, desde finales de 2013 hasta inicios de 2016, cuatro personas hab\u00edan recibido el coraz\u00f3n artificial de Carmat. <\/p>\n<p>Todos ellos fallecieron, pero en dos casos se hab\u00eda conseguido una supervivencia de m\u00e1s de 30 d\u00edas desde el implante, y eso abri\u00f3 el camino al lanzamiento del estudio PIVOT. <\/p>\n<p>Carmat insiste ahora en que la pr\u00f3tesis ha funcionado &lsquo;normalmente en las tres \u00faltimas implantaciones&#8217; y por eso &lsquo;no deja de crecer (su) motivaci\u00f3n para aportar una alternativa a esos pacientes que se hallan en un callej\u00f3n terap\u00e9utico total&#8217;. <\/p>\n<p>La compa\u00f1\u00eda argumenta que su prop\u00f3sito es &lsquo;paliar la falta notoria&#8217; de donaciones de \u00f3rganos &lsquo;de las que son v\u00edctimas decenas de miles de personas que sufren insuficiencia card\u00edaca terminal irreversible, los m\u00e1s enfermos de los 20 millones de pacientes con esta enfermedad evolutiva en Europa y Estados Unidos&#8217;. <\/p>\n<p>\u00a0 <\/p>\n","protected":false},"excerpt":{"rendered":"<p>La agencia sanitaria francesa ha decidido &lsquo;suspender&#8217; los implantes del <a href=\"https:\/\/sertv.gob.pa\/nacionalfm\/implantes-de-corazon-artificial-son-suspendidos-en-francia\/\"> [&#8230;]<\/a><\/p>\n","protected":false},"author":1,"featured_media":17324,"comment_status":"closed","ping_status":"closed","sticky":false,"template":"","format":"standard","meta":{"footnotes":""},"categories":[5],"tags":[],"class_list":["post-17323","post","type-post","status-publish","format-standard","has-post-thumbnail","hentry","category-salud"],"_links":{"self":[{"href":"https:\/\/sertv.gob.pa\/nacionalfm\/wp-json\/wp\/v2\/posts\/17323","targetHints":{"allow":["GET"]}}],"collection":[{"href":"https:\/\/sertv.gob.pa\/nacionalfm\/wp-json\/wp\/v2\/posts"}],"about":[{"href":"https:\/\/sertv.gob.pa\/nacionalfm\/wp-json\/wp\/v2\/types\/post"}],"author":[{"embeddable":true,"href":"https:\/\/sertv.gob.pa\/nacionalfm\/wp-json\/wp\/v2\/users\/1"}],"replies":[{"embeddable":true,"href":"https:\/\/sertv.gob.pa\/nacionalfm\/wp-json\/wp\/v2\/comments?post=17323"}],"version-history":[{"count":0,"href":"https:\/\/sertv.gob.pa\/nacionalfm\/wp-json\/wp\/v2\/posts\/17323\/revisions"}],"wp:featuredmedia":[{"embeddable":true,"href":"https:\/\/sertv.gob.pa\/nacionalfm\/wp-json\/wp\/v2\/media\/17324"}],"wp:attachment":[{"href":"https:\/\/sertv.gob.pa\/nacionalfm\/wp-json\/wp\/v2\/media?parent=17323"}],"wp:term":[{"taxonomy":"category","embeddable":true,"href":"https:\/\/sertv.gob.pa\/nacionalfm\/wp-json\/wp\/v2\/categories?post=17323"},{"taxonomy":"post_tag","embeddable":true,"href":"https:\/\/sertv.gob.pa\/nacionalfm\/wp-json\/wp\/v2\/tags?post=17323"}],"curies":[{"name":"wp","href":"https:\/\/api.w.org\/{rel}","templated":true}]}}