{"id":17333,"date":"2016-12-05T20:46:48","date_gmt":"2016-12-05T20:46:48","guid":{"rendered":""},"modified":"2016-12-05T20:46:48","modified_gmt":"2016-12-05T20:46:48","slug":"joel-rodriguez-campeon-de-billar-en-bola-9","status":"publish","type":"post","link":"https:\/\/sertv.gob.pa\/nacionalfm\/joel-rodriguez-campeon-de-billar-en-bola-9\/","title":{"rendered":"Joel Rodr\u00edguez campe\u00f3n de billar en Bola 9"},"content":{"rendered":"<p>\nEn representaci\u00f3n de la provincia de Panam\u00e1 Joel Rodr\u00edguez super\u00f3 en la final del Campeonato Nacional de Billar en la modalidad de Bola 9, a David Aguilar de Chiriqu\u00ed por 7 mesas a 4, en torneo escenificado en Billares Nelson organizados por la Federaci\u00f3n Paname\u00f1a de Billar y el Instituto Paname\u00f1o de Deportes. <\/p>\n<p>Rodr\u00edguez mantuvo un dominio sobre el tapiz rectangular al ganar los siete desaf\u00edos que jug\u00f3 en este certamen, en donde 45 taquistas de Col\u00f3n, Cocl\u00e9, Chiriqu\u00ed, Herrera, Panam\u00e1 y Panam\u00e1 Oeste, buscaban los cuatro primeros puestos para la conformaci\u00f3n de la selecci\u00f3n de Panam\u00e1 para el Panamericano de Billar del 2017. <\/p>\n<p>Rodr\u00edguez y Aguilar, ambos chiricanos fueron escoltados en el p\u00f3dium por los capitalinos Lino Castillo con el tercer lugar y Jorge D\u00edaz con el cuarto y quien buscaba revalidar el t\u00edtulo. <\/p>\n<p>\u00a0 <\/p>\n","protected":false},"excerpt":{"rendered":"<p>En representaci\u00f3n de la provincia de Panam\u00e1 Joel Rodr\u00edguez super\u00f3 <a href=\"https:\/\/sertv.gob.pa\/nacionalfm\/joel-rodriguez-campeon-de-billar-en-bola-9\/\"> [&#8230;]<\/a><\/p>\n","protected":false},"author":1,"featured_media":17334,"comment_status":"closed","ping_status":"closed","sticky":false,"template":"","format":"standard","meta":{"footnotes":""},"categories":[4],"tags":[],"class_list":["post-17333","post","type-post","status-publish","format-standard","has-post-thumbnail","hentry","category-deportes"],"_links":{"self":[{"href":"https:\/\/sertv.gob.pa\/nacionalfm\/wp-json\/wp\/v2\/posts\/17333","targetHints":{"allow":["GET"]}}],"collection":[{"href":"https:\/\/sertv.gob.pa\/nacionalfm\/wp-json\/wp\/v2\/posts"}],"about":[{"href":"https:\/\/sertv.gob.pa\/nacionalfm\/wp-json\/wp\/v2\/types\/post"}],"author":[{"embeddable":true,"href":"https:\/\/sertv.gob.pa\/nacionalfm\/wp-json\/wp\/v2\/users\/1"}],"replies":[{"embeddable":true,"href":"https:\/\/sertv.gob.pa\/nacionalfm\/wp-json\/wp\/v2\/comments?post=17333"}],"version-history":[{"count":0,"href":"https:\/\/sertv.gob.pa\/nacionalfm\/wp-json\/wp\/v2\/posts\/17333\/revisions"}],"wp:featuredmedia":[{"embeddable":true,"href":"https:\/\/sertv.gob.pa\/nacionalfm\/wp-json\/wp\/v2\/media\/17334"}],"wp:attachment":[{"href":"https:\/\/sertv.gob.pa\/nacionalfm\/wp-json\/wp\/v2\/media?parent=17333"}],"wp:term":[{"taxonomy":"category","embeddable":true,"href":"https:\/\/sertv.gob.pa\/nacionalfm\/wp-json\/wp\/v2\/categories?post=17333"},{"taxonomy":"post_tag","embeddable":true,"href":"https:\/\/sertv.gob.pa\/nacionalfm\/wp-json\/wp\/v2\/tags?post=17333"}],"curies":[{"name":"wp","href":"https:\/\/api.w.org\/{rel}","templated":true}]}}