{"id":17343,"date":"2016-12-06T15:59:44","date_gmt":"2016-12-06T15:59:44","guid":{"rendered":""},"modified":"2016-12-06T15:59:44","modified_gmt":"2016-12-06T15:59:44","slug":"omir-rodriguez-se-corona-campeon-nacional-welter","status":"publish","type":"post","link":"https:\/\/sertv.gob.pa\/nacionalfm\/omir-rodriguez-se-corona-campeon-nacional-welter\/","title":{"rendered":"Omir Rodr\u00edguez se corona campe\u00f3n nacional welter"},"content":{"rendered":"<p>\nEl p\u00fagil colonense Omir &ldquo;El Guerrero de Dios&rdquo; Rodr\u00edguez venci\u00f3 en combate de revancha al capitalino Adir &ldquo;The Viper&rdquo; S\u00e1nchez, esta vez en forma convincente ya que la primera victoria fue dudosa, y en esta oportunidad se llev\u00f3 una decisi\u00f3n un\u00e1nime y de esta manera se adjudic\u00f3 el campeonato nacional de los pesos welters. <\/p>\n<p>En el combate coestelar el chiricano Israel Hidrogo venci\u00f3 tambi\u00e9n por decisi\u00f3n un\u00e1nime al venezolano Juan &ldquo;Pequitas&rdquo; L\u00f3pez, El colonense Eric &ldquo;El L\u00e1tigo&rdquo; Walter venci\u00f3 tambi\u00e9n en combate de revancha a Julio Cama\u00f1a por K.O.T. en tres asaltos. <\/p>\n<p>En la mejor pelea de la noche Manuel Largacha venci\u00f3 por decisi\u00f3n un\u00e1nime al jamaicano criado en Panam\u00e1 Michael Gardener, por iniciativa de la Comisi\u00f3n de Boxeo Profesional de Col\u00f3n el ganador de este encuentro se hizo acreedor a un premio en efectivo. <\/p>\n<p>Levy Maur\u00e9 de la provincia de Col\u00f3n mantuvo su invicto en tres presentaciones al despachar por K.O. en el primer asalto luego de un opercut de izuierda a la boca del est\u00f3mago del venezolano Williams Camacho, y en la pelea de abrir el tambi\u00e9n colonense super\u00f3 por K.O. en el primer asalto a Carlos Pacheco de la 24 de diciembre. <\/p>\n<p>Esta cartelera se realiz\u00f3 en el Hotel Sand Diamond de la provincia de Col\u00f3n. <\/p>\n","protected":false},"excerpt":{"rendered":"<p>El p\u00fagil colonense Omir &ldquo;El Guerrero de Dios&rdquo; Rodr\u00edguez venci\u00f3 <a href=\"https:\/\/sertv.gob.pa\/nacionalfm\/omir-rodriguez-se-corona-campeon-nacional-welter\/\"> [&#8230;]<\/a><\/p>\n","protected":false},"author":1,"featured_media":17344,"comment_status":"closed","ping_status":"closed","sticky":false,"template":"","format":"standard","meta":{"footnotes":""},"categories":[4],"tags":[],"class_list":["post-17343","post","type-post","status-publish","format-standard","has-post-thumbnail","hentry","category-deportes"],"_links":{"self":[{"href":"https:\/\/sertv.gob.pa\/nacionalfm\/wp-json\/wp\/v2\/posts\/17343","targetHints":{"allow":["GET"]}}],"collection":[{"href":"https:\/\/sertv.gob.pa\/nacionalfm\/wp-json\/wp\/v2\/posts"}],"about":[{"href":"https:\/\/sertv.gob.pa\/nacionalfm\/wp-json\/wp\/v2\/types\/post"}],"author":[{"embeddable":true,"href":"https:\/\/sertv.gob.pa\/nacionalfm\/wp-json\/wp\/v2\/users\/1"}],"replies":[{"embeddable":true,"href":"https:\/\/sertv.gob.pa\/nacionalfm\/wp-json\/wp\/v2\/comments?post=17343"}],"version-history":[{"count":0,"href":"https:\/\/sertv.gob.pa\/nacionalfm\/wp-json\/wp\/v2\/posts\/17343\/revisions"}],"wp:featuredmedia":[{"embeddable":true,"href":"https:\/\/sertv.gob.pa\/nacionalfm\/wp-json\/wp\/v2\/media\/17344"}],"wp:attachment":[{"href":"https:\/\/sertv.gob.pa\/nacionalfm\/wp-json\/wp\/v2\/media?parent=17343"}],"wp:term":[{"taxonomy":"category","embeddable":true,"href":"https:\/\/sertv.gob.pa\/nacionalfm\/wp-json\/wp\/v2\/categories?post=17343"},{"taxonomy":"post_tag","embeddable":true,"href":"https:\/\/sertv.gob.pa\/nacionalfm\/wp-json\/wp\/v2\/tags?post=17343"}],"curies":[{"name":"wp","href":"https:\/\/api.w.org\/{rel}","templated":true}]}}