{"id":17349,"date":"2016-12-06T16:30:24","date_gmt":"2016-12-06T16:30:24","guid":{"rendered":""},"modified":"2016-12-06T16:30:24","modified_gmt":"2016-12-06T16:30:24","slug":"el-nica-establecido-en-manchester","status":"publish","type":"post","link":"https:\/\/sertv.gob.pa\/nacionalfm\/el-nica-establecido-en-manchester\/","title":{"rendered":"\u201cEl Nica\u201d Establecido en Manchester"},"content":{"rendered":"<p>\n El campe\u00f3n supermosca de la Asociaci\u00f3n Mundial de Boxeo, el paname\u00f1o Luis &ldquo;El Nica&rdquo; Concepci\u00f3n ya est\u00e1 instalado en la ciudad de Manchester, para su defensa titular ante el invicto p\u00fagil brit\u00e1nico Khalid Yafai.  <\/p>\n<p> &ldquo;El Nica&rdquo; Concepci\u00f3n se est\u00e1 adaptando al fr\u00edo pero optimista con defender su t\u00edtulo con \u00e9xito el pr\u00f3ximo s\u00e1bado 10 de diciembre.  <\/p>\n<p> El campe\u00f3n mundial Concepci\u00f3n cuenta con un r\u00e9cord de 35 victorias y 4 derrotas con 24 definidas antes del l\u00edmite mientras que el retador Yafai tiene una hoja inmaculada de 20 combates con 14 definidas por K.O.  <\/p>\n<p> Sertv, Nacional FM, Crisol FM y Radio Nacional AM, transmitir\u00e1n completa toda la cartelera de campeonato a partir de las dos de la tarde desde el Manchester Arena.  <\/p>\n","protected":false},"excerpt":{"rendered":"<p>El campe\u00f3n supermosca de la Asociaci\u00f3n Mundial de Boxeo, el <a href=\"https:\/\/sertv.gob.pa\/nacionalfm\/el-nica-establecido-en-manchester\/\"> [&#8230;]<\/a><\/p>\n","protected":false},"author":1,"featured_media":17350,"comment_status":"closed","ping_status":"closed","sticky":false,"template":"","format":"standard","meta":{"footnotes":""},"categories":[4],"tags":[],"class_list":["post-17349","post","type-post","status-publish","format-standard","has-post-thumbnail","hentry","category-deportes"],"_links":{"self":[{"href":"https:\/\/sertv.gob.pa\/nacionalfm\/wp-json\/wp\/v2\/posts\/17349","targetHints":{"allow":["GET"]}}],"collection":[{"href":"https:\/\/sertv.gob.pa\/nacionalfm\/wp-json\/wp\/v2\/posts"}],"about":[{"href":"https:\/\/sertv.gob.pa\/nacionalfm\/wp-json\/wp\/v2\/types\/post"}],"author":[{"embeddable":true,"href":"https:\/\/sertv.gob.pa\/nacionalfm\/wp-json\/wp\/v2\/users\/1"}],"replies":[{"embeddable":true,"href":"https:\/\/sertv.gob.pa\/nacionalfm\/wp-json\/wp\/v2\/comments?post=17349"}],"version-history":[{"count":0,"href":"https:\/\/sertv.gob.pa\/nacionalfm\/wp-json\/wp\/v2\/posts\/17349\/revisions"}],"wp:featuredmedia":[{"embeddable":true,"href":"https:\/\/sertv.gob.pa\/nacionalfm\/wp-json\/wp\/v2\/media\/17350"}],"wp:attachment":[{"href":"https:\/\/sertv.gob.pa\/nacionalfm\/wp-json\/wp\/v2\/media?parent=17349"}],"wp:term":[{"taxonomy":"category","embeddable":true,"href":"https:\/\/sertv.gob.pa\/nacionalfm\/wp-json\/wp\/v2\/categories?post=17349"},{"taxonomy":"post_tag","embeddable":true,"href":"https:\/\/sertv.gob.pa\/nacionalfm\/wp-json\/wp\/v2\/tags?post=17349"}],"curies":[{"name":"wp","href":"https:\/\/api.w.org\/{rel}","templated":true}]}}