{"id":17357,"date":"2016-12-06T18:22:50","date_gmt":"2016-12-06T18:22:50","guid":{"rendered":""},"modified":"2016-12-06T18:22:50","modified_gmt":"2016-12-06T18:22:50","slug":"los-canceres-que-mas-matan","status":"publish","type":"post","link":"https:\/\/sertv.gob.pa\/nacionalfm\/los-canceres-que-mas-matan\/","title":{"rendered":"Los c\u00e1nceres que m\u00e1s matan"},"content":{"rendered":"<p>\nEl c\u00e1ncer es, luego de \u00a0las enfermedades cardiovasculares, la  segunda causa de muerte a nivel mundial , pero las posibilidades de contraerlo y fallecer por su causa son muy distintas dependiendo de d\u00f3nde se viva. Igualmente cambia por pa\u00edses la incidencia y la clasificaci\u00f3n como causa de muerte de cada tipo de c\u00e1ncer. <\/p>\n<p>En 2015 hubo en todo el mundo 17,5 millones de nuevos casos de c\u00e1ncer y 8,7 millones de fallecimientos. Los c\u00e1nceres que m\u00e1s muertes ocasionaron fueron  pulm\u00f3n, colorrectal y est\u00f3mago , seg\u00fan un estudio que publica  JAMA  sobre la evoluci\u00f3n del c\u00e1ncer en 195 pa\u00edses desde 1990. En Espa\u00f1a hubo 303.809 nuevos casos de c\u00e1ncer en 2015 y 110.491 muertes en total, de las cuales 44.877 se debieron a  los tres que m\u00e1s matan en nuestro pa\u00eds: pulm\u00f3n, colorrectal y mama . <\/p>\n<p>La carga de morbilidad -la proporci\u00f3n de personas que se enferman en un sitio y tiempo determinado- del c\u00e1ncer sigue siendo mayor para los pa\u00edses con niveles m\u00e1s altos de desarrollo, como EEUU, Reino Unido y Alemania. A nivel mundial, el 44% de todos los nuevos casos de c\u00e1ncer y el 34% de todos los decesos por c\u00e1ncer se encuentran en ese grupo. Sin embargo, entre 2005 y 2015 el  aumento m\u00e1s marcado en los casos (un 50%) se dio en los pa\u00edses menos desarrollados  (un 36% para las naciones con m\u00e1s ingresos en el mismo periodo). Asimismo, la mortalidad por c\u00e1ncer aument\u00f3 en m\u00e1s de 50 pa\u00edses, la mayor\u00eda en el \u00c1frica subsahariana. <\/p>\n<p>\u00abTiene que ver con el concepto de transici\u00f3n epidemiol\u00f3gica. Conforme los pa\u00edses de \u00c1frica o con menos ingresos mejoran en la reducci\u00f3n de la mortalidad, en la incidencia de infecciones o en la mortalidad infantil, por ejemplo,  van aumentando las enfermedades cr\u00f3nicas y neurodegenerativas y el c\u00e1ncer . Las condiciones del patr\u00f3n epidemiol\u00f3gico tradicional en pa\u00edses en desarrollo est\u00e1 m\u00e1s asociado a enfermedades transmisibles, pero se va observando c\u00f3mo el c\u00e1ncer va suponiendo una carga importante de enfermedad (muertes, incidencia, prevalencia&#8230;)\u00bb, explica  Ferran Catal\u00e1-L\u00f3pez , coautor del trabajo y cient\u00edfico del Departamento de Medicina de la Universidad de Valencia y del Instituto de Investigaci\u00f3n Sanitaria  INCLIVA  del Hospital Cl\u00ednico de Valencia. <\/p>\n<p>Podr\u00eda parecer que el c\u00e1ncer es una enfermedad propia de sociedades desarrolladas. \u00abEl incremento del c\u00e1ncer es un efecto del aumento de la poblaci\u00f3n y de la edad. Va un poco con ese concepto, si tienes la mala suerte de vivir en una poblaci\u00f3n desfavorecida tienes m\u00e1s posibilidades de morir al nacer o por una diarrea o en el parto (mortalidad materna) o de coger infecciones de enfermedades como VIH, malaria&#8230; Si te mueres a los 20-30 a\u00f1os, evidentemente no llegas a los 70\u00bb, argumenta Catal\u00e1-L\u00f3pez. <\/p>\n<p>El cient\u00edfico pone como ejemplo el c\u00e1ncer de pr\u00f3stata, que est\u00e1 claramente asociado al envejecimiento. \u00abLo mismo con las enfermedades cardiovasculares, es la primera causa de muerte en el mundo y en los pa\u00edses desarrollados, y luego el c\u00e1ncer. Digamos que  si no morimos por c\u00e1ncer, ser\u00e1 por alguna cardiovascular \u00ab. <\/p>\n<p>\u00a0 <\/p>\n","protected":false},"excerpt":{"rendered":"<p>El c\u00e1ncer es, luego de \u00a0las enfermedades cardiovasculares, la segunda <a href=\"https:\/\/sertv.gob.pa\/nacionalfm\/los-canceres-que-mas-matan\/\"> [&#8230;]<\/a><\/p>\n","protected":false},"author":1,"featured_media":17358,"comment_status":"closed","ping_status":"closed","sticky":false,"template":"","format":"standard","meta":{"footnotes":""},"categories":[5],"tags":[],"class_list":["post-17357","post","type-post","status-publish","format-standard","has-post-thumbnail","hentry","category-salud"],"_links":{"self":[{"href":"https:\/\/sertv.gob.pa\/nacionalfm\/wp-json\/wp\/v2\/posts\/17357","targetHints":{"allow":["GET"]}}],"collection":[{"href":"https:\/\/sertv.gob.pa\/nacionalfm\/wp-json\/wp\/v2\/posts"}],"about":[{"href":"https:\/\/sertv.gob.pa\/nacionalfm\/wp-json\/wp\/v2\/types\/post"}],"author":[{"embeddable":true,"href":"https:\/\/sertv.gob.pa\/nacionalfm\/wp-json\/wp\/v2\/users\/1"}],"replies":[{"embeddable":true,"href":"https:\/\/sertv.gob.pa\/nacionalfm\/wp-json\/wp\/v2\/comments?post=17357"}],"version-history":[{"count":0,"href":"https:\/\/sertv.gob.pa\/nacionalfm\/wp-json\/wp\/v2\/posts\/17357\/revisions"}],"wp:featuredmedia":[{"embeddable":true,"href":"https:\/\/sertv.gob.pa\/nacionalfm\/wp-json\/wp\/v2\/media\/17358"}],"wp:attachment":[{"href":"https:\/\/sertv.gob.pa\/nacionalfm\/wp-json\/wp\/v2\/media?parent=17357"}],"wp:term":[{"taxonomy":"category","embeddable":true,"href":"https:\/\/sertv.gob.pa\/nacionalfm\/wp-json\/wp\/v2\/categories?post=17357"},{"taxonomy":"post_tag","embeddable":true,"href":"https:\/\/sertv.gob.pa\/nacionalfm\/wp-json\/wp\/v2\/tags?post=17357"}],"curies":[{"name":"wp","href":"https:\/\/api.w.org\/{rel}","templated":true}]}}