{"id":17383,"date":"2016-12-07T18:05:32","date_gmt":"2016-12-07T18:05:32","guid":{"rendered":""},"modified":"2016-12-07T18:05:32","modified_gmt":"2016-12-07T18:05:32","slug":"declaran-que-la-lactancia-materna-es-un-derecho-humano","status":"publish","type":"post","link":"https:\/\/sertv.gob.pa\/nacionalfm\/declaran-que-la-lactancia-materna-es-un-derecho-humano\/","title":{"rendered":"Declaran que la lactancia materna es un &#8216;derecho humano&#8217;"},"content":{"rendered":"<p>\nLa ciencia reconoce los beneficios de la lactancia materna para la madre y para el beb\u00e9. \u00a0Expertos del Consejo de Derechos Humanos de Naciones Unidas han dado un paso m\u00e1s all\u00e1 declarando que esta pr\u00e1ctica es un derecho humano que debe de ser fomentada y protegida. <\/p>\n<p>\u00abLa lactancia es un derecho humano tanto para la madre como para los beb\u00e9s y los estados deben de tomar medidas para frenar la comercializaci\u00f3n de productos sustitutivos que afectan de manera negativa las decisiones de las mujeres \u00bb, declararon los relatores al derecho de la salud y al derecho a la alimentaci\u00f3n, Dainius P\u00fbras y Hilal Elver, <\/p>\n<p>Ambos criticaron en un comunicado las t\u00e9cnicas de comercializaci\u00f3n \u00abenga\u00f1osas, agresivas e inapropiadas\u00bb empleadas por la industria alimentaria para promover los sustitutos de leche materna y solicitaron que se adopte cuanto antes el C\u00f3digo Internacional sobre estos productos que, por el momento, se aplica s\u00f3lo por un pu\u00f1ado de pa\u00edses. <\/p>\n<p>Los expertos de la ONU advirtieron de la falta de informaci\u00f3n sobre las caracter\u00edsticas de la leche artificial y explicaron que esta situaci\u00f3n es aprovechada por la industria para incrementar sus ventas. La industria alimentaria mueve anualmente 44.8 mil millones de d\u00f3lares comercializando estos productos y en los pr\u00f3ximos tres a\u00f1os esta cifra podr\u00eda alcanzar los 70 mil millones, publica ABC.\u00a0 <\/p>\n<p>\u00abAdem\u00e1s las t\u00e9cnicas de comercializaci\u00f3n enga\u00f1osas afectan negativamente a las decisiones que toman las mujeres sobre c\u00f3mo alimentar a sus hijos, impiden a ambos disfrutar de los efectos beneficiosos para la salud y contribuyen a estigmatizar la lactancia\u00bb, declararon. <\/p>\n<p>La Organizaci\u00f3n Mundial de la Salud (OMS) estima que la vida de m\u00e1s de 820.000 ni\u00f1os puede salvarse anualmente si las madres siguen las recomendaciones del organismo respecto a la lactancia materna que estipulan que debe de empezar una hora despu\u00e9s del nacimiento y mantenerse en exclusiva durante los primeros seis meses de vida. <\/p>\n<p>\u00a0 <\/p>\n<p>\u00a0 <\/p>\n","protected":false},"excerpt":{"rendered":"<p>La ciencia reconoce los beneficios de la lactancia materna para <a href=\"https:\/\/sertv.gob.pa\/nacionalfm\/declaran-que-la-lactancia-materna-es-un-derecho-humano\/\"> [&#8230;]<\/a><\/p>\n","protected":false},"author":1,"featured_media":17384,"comment_status":"closed","ping_status":"closed","sticky":false,"template":"","format":"standard","meta":{"footnotes":""},"categories":[5],"tags":[],"class_list":["post-17383","post","type-post","status-publish","format-standard","has-post-thumbnail","hentry","category-salud"],"_links":{"self":[{"href":"https:\/\/sertv.gob.pa\/nacionalfm\/wp-json\/wp\/v2\/posts\/17383","targetHints":{"allow":["GET"]}}],"collection":[{"href":"https:\/\/sertv.gob.pa\/nacionalfm\/wp-json\/wp\/v2\/posts"}],"about":[{"href":"https:\/\/sertv.gob.pa\/nacionalfm\/wp-json\/wp\/v2\/types\/post"}],"author":[{"embeddable":true,"href":"https:\/\/sertv.gob.pa\/nacionalfm\/wp-json\/wp\/v2\/users\/1"}],"replies":[{"embeddable":true,"href":"https:\/\/sertv.gob.pa\/nacionalfm\/wp-json\/wp\/v2\/comments?post=17383"}],"version-history":[{"count":0,"href":"https:\/\/sertv.gob.pa\/nacionalfm\/wp-json\/wp\/v2\/posts\/17383\/revisions"}],"wp:featuredmedia":[{"embeddable":true,"href":"https:\/\/sertv.gob.pa\/nacionalfm\/wp-json\/wp\/v2\/media\/17384"}],"wp:attachment":[{"href":"https:\/\/sertv.gob.pa\/nacionalfm\/wp-json\/wp\/v2\/media?parent=17383"}],"wp:term":[{"taxonomy":"category","embeddable":true,"href":"https:\/\/sertv.gob.pa\/nacionalfm\/wp-json\/wp\/v2\/categories?post=17383"},{"taxonomy":"post_tag","embeddable":true,"href":"https:\/\/sertv.gob.pa\/nacionalfm\/wp-json\/wp\/v2\/tags?post=17383"}],"curies":[{"name":"wp","href":"https:\/\/api.w.org\/{rel}","templated":true}]}}