{"id":17401,"date":"2016-12-09T16:41:12","date_gmt":"2016-12-09T16:41:12","guid":{"rendered":""},"modified":"2016-12-09T16:41:12","modified_gmt":"2016-12-09T16:41:12","slug":"el-nica-pierde-titulo-en-la-balanza","status":"publish","type":"post","link":"https:\/\/sertv.gob.pa\/nacionalfm\/el-nica-pierde-titulo-en-la-balanza\/","title":{"rendered":"\u201cEl Nica\u201d pierde t\u00edtulo en la balanza"},"content":{"rendered":"<p>\nLuis &ldquo;El Nica&rdquo; Concepci\u00f3n perdi\u00f3 su t\u00edtulo supermosca de la Asociaci\u00f3n Mundial de Boxeo al no cumplir con el peso reglamentario que en esta divisi\u00f3n es la de 115 libras, para su defensa ante el brit\u00e1nico Khalid Yafai. <\/p>\n<p>Al subir a la b\u00e1scula por primera ocasi\u00f3n &ldquo;El Nica&rdquo; acus\u00f3 en la balanza 117 \u00be y se le dieron dos horas para rebajar y al regresar al t\u00e9rmino acordado pes\u00f3 117 \u00bc , por lo que pierde la corona en la balanza. <\/p>\n<p>La pelea se realizar\u00e1, de ganar Khalid Yafai, se coronar\u00eda nuevo campe\u00f3n supermosca de la AMB, de ganar &ldquo;El Nica&rdquo; el t\u00edtulo queda vacante. <\/p>\n","protected":false},"excerpt":{"rendered":"<p>Luis &ldquo;El Nica&rdquo; Concepci\u00f3n perdi\u00f3 su t\u00edtulo supermosca de la <a href=\"https:\/\/sertv.gob.pa\/nacionalfm\/el-nica-pierde-titulo-en-la-balanza\/\"> [&#8230;]<\/a><\/p>\n","protected":false},"author":1,"featured_media":17402,"comment_status":"closed","ping_status":"closed","sticky":false,"template":"","format":"standard","meta":{"footnotes":""},"categories":[4],"tags":[],"class_list":["post-17401","post","type-post","status-publish","format-standard","has-post-thumbnail","hentry","category-deportes"],"_links":{"self":[{"href":"https:\/\/sertv.gob.pa\/nacionalfm\/wp-json\/wp\/v2\/posts\/17401","targetHints":{"allow":["GET"]}}],"collection":[{"href":"https:\/\/sertv.gob.pa\/nacionalfm\/wp-json\/wp\/v2\/posts"}],"about":[{"href":"https:\/\/sertv.gob.pa\/nacionalfm\/wp-json\/wp\/v2\/types\/post"}],"author":[{"embeddable":true,"href":"https:\/\/sertv.gob.pa\/nacionalfm\/wp-json\/wp\/v2\/users\/1"}],"replies":[{"embeddable":true,"href":"https:\/\/sertv.gob.pa\/nacionalfm\/wp-json\/wp\/v2\/comments?post=17401"}],"version-history":[{"count":0,"href":"https:\/\/sertv.gob.pa\/nacionalfm\/wp-json\/wp\/v2\/posts\/17401\/revisions"}],"wp:featuredmedia":[{"embeddable":true,"href":"https:\/\/sertv.gob.pa\/nacionalfm\/wp-json\/wp\/v2\/media\/17402"}],"wp:attachment":[{"href":"https:\/\/sertv.gob.pa\/nacionalfm\/wp-json\/wp\/v2\/media?parent=17401"}],"wp:term":[{"taxonomy":"category","embeddable":true,"href":"https:\/\/sertv.gob.pa\/nacionalfm\/wp-json\/wp\/v2\/categories?post=17401"},{"taxonomy":"post_tag","embeddable":true,"href":"https:\/\/sertv.gob.pa\/nacionalfm\/wp-json\/wp\/v2\/tags?post=17401"}],"curies":[{"name":"wp","href":"https:\/\/api.w.org\/{rel}","templated":true}]}}