{"id":1742,"date":"2014-09-30T05:00:00","date_gmt":"2014-09-30T05:00:00","guid":{"rendered":""},"modified":"2014-09-30T05:00:00","modified_gmt":"2014-09-30T05:00:00","slug":"experimento-muestra-dano-evidente-de-pulmon-con-60-cigarrillos","status":"publish","type":"post","link":"https:\/\/sertv.gob.pa\/nacionalfm\/experimento-muestra-dano-evidente-de-pulmon-con-60-cigarrillos\/","title":{"rendered":"Experimento muestra da\u00f1o evidente de pulm\u00f3n con 60 cigarrillos"},"content":{"rendered":"<p>\nEl consumo de cigarrillo o de tabaco seg\u00fan la Organizaci\u00f3n Mundial de la Salud es la principal causa de c\u00e1ncer de pulm\u00f3n, pero el consumo de este va en aumento. <\/p>\n<p>El profesor Tung Chi Ying de Hong Kong realiz\u00f3 un experimento con estudiantes de secundaria para ense\u00f1ar los terribles efectos que se puede tener este producto en el cuerpo humano. <\/p>\n<p>Ryan Au, profesor, grab\u00f3 las im\u00e1genes para ense\u00f1ar el estado de un pulm\u00f3n luego de fumar 60 cigarrillos por lo que se utilizaron pulmones de cerdo para realizar la prueba y una bomba de aire para emular el proceso de respiraci\u00f3n. <\/p>\n<p>Los resultados fueron contundentes ya que los resultados mostraban una notable decoloraci\u00f3n por el consumo de cigarrillo, a comparaci\u00f3n de unos pulmones sanos. De igual forma se realiz\u00f3 la prueba con la tr\u00e1quea en donde los resultados fueron m\u00e1s que evidentes.\u00a0 @nacionalFm <\/p>\n","protected":false},"excerpt":{"rendered":"<p>El consumo de cigarrillo o de tabaco seg\u00fan la Organizaci\u00f3n <a href=\"https:\/\/sertv.gob.pa\/nacionalfm\/experimento-muestra-dano-evidente-de-pulmon-con-60-cigarrillos\/\"> [&#8230;]<\/a><\/p>\n","protected":false},"author":1,"featured_media":1743,"comment_status":"closed","ping_status":"closed","sticky":false,"template":"","format":"standard","meta":{"footnotes":""},"categories":[5],"tags":[],"class_list":["post-1742","post","type-post","status-publish","format-standard","has-post-thumbnail","hentry","category-salud"],"_links":{"self":[{"href":"https:\/\/sertv.gob.pa\/nacionalfm\/wp-json\/wp\/v2\/posts\/1742","targetHints":{"allow":["GET"]}}],"collection":[{"href":"https:\/\/sertv.gob.pa\/nacionalfm\/wp-json\/wp\/v2\/posts"}],"about":[{"href":"https:\/\/sertv.gob.pa\/nacionalfm\/wp-json\/wp\/v2\/types\/post"}],"author":[{"embeddable":true,"href":"https:\/\/sertv.gob.pa\/nacionalfm\/wp-json\/wp\/v2\/users\/1"}],"replies":[{"embeddable":true,"href":"https:\/\/sertv.gob.pa\/nacionalfm\/wp-json\/wp\/v2\/comments?post=1742"}],"version-history":[{"count":0,"href":"https:\/\/sertv.gob.pa\/nacionalfm\/wp-json\/wp\/v2\/posts\/1742\/revisions"}],"wp:featuredmedia":[{"embeddable":true,"href":"https:\/\/sertv.gob.pa\/nacionalfm\/wp-json\/wp\/v2\/media\/1743"}],"wp:attachment":[{"href":"https:\/\/sertv.gob.pa\/nacionalfm\/wp-json\/wp\/v2\/media?parent=1742"}],"wp:term":[{"taxonomy":"category","embeddable":true,"href":"https:\/\/sertv.gob.pa\/nacionalfm\/wp-json\/wp\/v2\/categories?post=1742"},{"taxonomy":"post_tag","embeddable":true,"href":"https:\/\/sertv.gob.pa\/nacionalfm\/wp-json\/wp\/v2\/tags?post=1742"}],"curies":[{"name":"wp","href":"https:\/\/api.w.org\/{rel}","templated":true}]}}