{"id":17459,"date":"2016-12-13T17:08:53","date_gmt":"2016-12-13T17:08:53","guid":{"rendered":""},"modified":"2016-12-13T17:08:53","modified_gmt":"2016-12-13T17:08:53","slug":"ana-de-giron-recibe-a-campeon-mundial-de-fisiculturismo","status":"publish","type":"post","link":"https:\/\/sertv.gob.pa\/nacionalfm\/ana-de-giron-recibe-a-campeon-mundial-de-fisiculturismo\/","title":{"rendered":"Ana de Gir\u00f3n recibe a Campe\u00f3n Mundial de Fisiculturismo"},"content":{"rendered":"<p>\nLa directora de Deportes \u00a0del Instituto Paname\u00f1o de Deportes Ana de Gir\u00f3n, \u00a0recibi\u00f3 en el terminal a\u00e9reo de Tocumen al fisiculturista Juan Abad\u00eda quien logr\u00f3 dos medallas de oro, en el Mundial de Fisiculturismo y Finess, que con la participaci\u00f3n de 52 pa\u00edses se celebr\u00f3 en Santo Domingo, Rep\u00fablica Dominicana. <\/p>\n<p>Abad\u00eda lleg\u00f3 acompa\u00f1ado de Ricardo Riega, quien compiti\u00f3 en la categor\u00eda pesada y el delegado Boris Prado, quienes \u00a0fueron recibidos en el terminal a\u00e9reo de Tocumen, adem\u00e1s de la directora T\u00e9cnica de Deportes de\u00a0 (PANDEPORTES), Ana de Gir\u00f3n, por el presidente de la Federaci\u00f3n Paname\u00f1a de Fisiculturismo y Fitness, Pedro Mart\u00ednez y Rafael Duncan, directivo de esta organizaci\u00f3n. <\/p>\n<p>El atleta paname\u00f1o de 22 a\u00f1os alcanz\u00f3 los t\u00edtulos en la categor\u00eda Mens Physique en la divisi\u00f3n de hasta 78, donde logr\u00f3 imponerse a 10 contrincantes y en el all around o mejor desempe\u00f1o, imponi\u00e9ndose a los otros dos rivales que accedieron a esta etapa del torneo. <\/p>\n<p>Abad\u00eda dijo estar complacido por el resultado y el desarrollo que ha alcanzado en esta disciplina, especialmente cuando s\u00f3lo tiene dos a\u00f1os y medio de estar practicando este deporte. &ldquo;La entrega, disciplina y la concentraci\u00f3n fueron las claves para coronarme campe\u00f3n&rdquo;. <\/p>\n<p>Abad\u00eda destac\u00f3 que se mantendr\u00e1 entrenando, porque como un atleta joven a\u00fan tiene que asimilar otros aspectos de este deporte y prepararse para su pr\u00f3xima competencia en febrero en Barranquilla, Colombia. <\/p>\n","protected":false},"excerpt":{"rendered":"<p>La directora de Deportes \u00a0del Instituto Paname\u00f1o de Deportes Ana <a href=\"https:\/\/sertv.gob.pa\/nacionalfm\/ana-de-giron-recibe-a-campeon-mundial-de-fisiculturismo\/\"> [&#8230;]<\/a><\/p>\n","protected":false},"author":1,"featured_media":17460,"comment_status":"closed","ping_status":"closed","sticky":false,"template":"","format":"standard","meta":{"footnotes":""},"categories":[4],"tags":[],"class_list":["post-17459","post","type-post","status-publish","format-standard","has-post-thumbnail","hentry","category-deportes"],"_links":{"self":[{"href":"https:\/\/sertv.gob.pa\/nacionalfm\/wp-json\/wp\/v2\/posts\/17459","targetHints":{"allow":["GET"]}}],"collection":[{"href":"https:\/\/sertv.gob.pa\/nacionalfm\/wp-json\/wp\/v2\/posts"}],"about":[{"href":"https:\/\/sertv.gob.pa\/nacionalfm\/wp-json\/wp\/v2\/types\/post"}],"author":[{"embeddable":true,"href":"https:\/\/sertv.gob.pa\/nacionalfm\/wp-json\/wp\/v2\/users\/1"}],"replies":[{"embeddable":true,"href":"https:\/\/sertv.gob.pa\/nacionalfm\/wp-json\/wp\/v2\/comments?post=17459"}],"version-history":[{"count":0,"href":"https:\/\/sertv.gob.pa\/nacionalfm\/wp-json\/wp\/v2\/posts\/17459\/revisions"}],"wp:featuredmedia":[{"embeddable":true,"href":"https:\/\/sertv.gob.pa\/nacionalfm\/wp-json\/wp\/v2\/media\/17460"}],"wp:attachment":[{"href":"https:\/\/sertv.gob.pa\/nacionalfm\/wp-json\/wp\/v2\/media?parent=17459"}],"wp:term":[{"taxonomy":"category","embeddable":true,"href":"https:\/\/sertv.gob.pa\/nacionalfm\/wp-json\/wp\/v2\/categories?post=17459"},{"taxonomy":"post_tag","embeddable":true,"href":"https:\/\/sertv.gob.pa\/nacionalfm\/wp-json\/wp\/v2\/tags?post=17459"}],"curies":[{"name":"wp","href":"https:\/\/api.w.org\/{rel}","templated":true}]}}