{"id":17463,"date":"2016-12-13T18:14:32","date_gmt":"2016-12-13T18:14:32","guid":{"rendered":""},"modified":"2016-12-13T18:14:32","modified_gmt":"2016-12-13T18:14:32","slug":"hay-un-lento-progreso-contra-la-malaria-en-africa","status":"publish","type":"post","link":"https:\/\/sertv.gob.pa\/nacionalfm\/hay-un-lento-progreso-contra-la-malaria-en-africa\/","title":{"rendered":"Hay un lento progreso contra la malaria en \u00c1frica"},"content":{"rendered":"<p>\nMientras varios pa\u00edses de Am\u00e9rica Latina se acercan a ser declarados libres de Malaria, en \u00c1frica las buenas noticias no ocultan que el 90% de los casos registrados (212 millones en 2015) y el 92% de las muertes por la enfermedad se siguen produciendo en la regi\u00f3n subsahariana de este continente. La Organizaci\u00f3n Mundial de Salud (OMS) ha presentado un informe sobre la evoluci\u00f3n de la dolencia en el que se aprecian avances, pero se advierte de que la batalla no debe darse ni mucho menos por concluida. <\/p>\n<p>En el \u00faltimo a\u00f1o se ha conseguido disminuir en un 21% el n\u00famero de casos y en un 291% la mortalidad, pero, seg\u00fan los expertos del organismo internacional, los recursos para avanzar son insuficientes y el progreso resulta demasiado lento en los pa\u00edses m\u00e1s afectados. La enfermedad que sigue ocasionando 429.000 muertes cada a\u00f1o, de las que un 70 % corresponde a ni\u00f1os. <\/p>\n<p>En \u00c1frica, la malaria sigue siendo un problema de salud p\u00fablica. Seg\u00fan el organismo, se est\u00e1n detectando diferencias \u00absustanciales\u00bb en la cobertura del programa de prevenci\u00f3n entre las distintas regiones debido, entre otros motivos, a la escasez de fondos y a que los sistemas sanitarios en zonas del \u00c1frica subsahariana son a\u00fan fr\u00e1giles. La alta incidencia de la enfermedad en esta \u00a0\u00e1rea se debe, seg\u00fan la OMS, a que los hogares no suelen estar protegidos con mosquiteras tratadas y no han sido fumigados, principales medidas de control de los vectores transmisores de la enfermedad. <\/p>\n<p>Adem\u00e1s, el organismo ha informado de que el 36% de los ni\u00f1os que padecieron fiebre en 2015 en muchos pa\u00edses africanos no fueron llevados a un centro de salud como consecuencia de la escasez de recursos suficientes y de las dificultades que tiene este colectivo para acceder a los sistemas sanitarios. <\/p>\n<p>Ahora bien, la organizaci\u00f3n ha informado de que en 2015 el 51% de los ni\u00f1os de 22 pa\u00edses africanos fueron diagnosticados de malaria, frente al 29% en 2010. Adem\u00e1s, se multiplic\u00f3 por cinco el n\u00famero de mujeres que recibieron la cantidad de dosis de vacuna recomendada (sulfadoxina-pirimetamina), alcanzando la cobertura el 31% de las f\u00e9minas, frente al 6% de 2010. <\/p>\n<p>\u00abEstamos viendo un progreso, pero el mundo sigue luchando para alcanzar los altos niveles de cobertura de los programas que se necesitan para luchar contra esta enfermedad\u00bb, ha aseverado el director del Programa Mundial contra la Malaria de la OMS, Pedro Alonso. <\/p>\n<p>\u00a0 <\/p>\n<p>\u00a0 <\/p>\n","protected":false},"excerpt":{"rendered":"<p>Mientras varios pa\u00edses de Am\u00e9rica Latina se acercan a ser <a href=\"https:\/\/sertv.gob.pa\/nacionalfm\/hay-un-lento-progreso-contra-la-malaria-en-africa\/\"> [&#8230;]<\/a><\/p>\n","protected":false},"author":1,"featured_media":17464,"comment_status":"closed","ping_status":"closed","sticky":false,"template":"","format":"standard","meta":{"footnotes":""},"categories":[5],"tags":[],"class_list":["post-17463","post","type-post","status-publish","format-standard","has-post-thumbnail","hentry","category-salud"],"_links":{"self":[{"href":"https:\/\/sertv.gob.pa\/nacionalfm\/wp-json\/wp\/v2\/posts\/17463","targetHints":{"allow":["GET"]}}],"collection":[{"href":"https:\/\/sertv.gob.pa\/nacionalfm\/wp-json\/wp\/v2\/posts"}],"about":[{"href":"https:\/\/sertv.gob.pa\/nacionalfm\/wp-json\/wp\/v2\/types\/post"}],"author":[{"embeddable":true,"href":"https:\/\/sertv.gob.pa\/nacionalfm\/wp-json\/wp\/v2\/users\/1"}],"replies":[{"embeddable":true,"href":"https:\/\/sertv.gob.pa\/nacionalfm\/wp-json\/wp\/v2\/comments?post=17463"}],"version-history":[{"count":0,"href":"https:\/\/sertv.gob.pa\/nacionalfm\/wp-json\/wp\/v2\/posts\/17463\/revisions"}],"wp:featuredmedia":[{"embeddable":true,"href":"https:\/\/sertv.gob.pa\/nacionalfm\/wp-json\/wp\/v2\/media\/17464"}],"wp:attachment":[{"href":"https:\/\/sertv.gob.pa\/nacionalfm\/wp-json\/wp\/v2\/media?parent=17463"}],"wp:term":[{"taxonomy":"category","embeddable":true,"href":"https:\/\/sertv.gob.pa\/nacionalfm\/wp-json\/wp\/v2\/categories?post=17463"},{"taxonomy":"post_tag","embeddable":true,"href":"https:\/\/sertv.gob.pa\/nacionalfm\/wp-json\/wp\/v2\/tags?post=17463"}],"curies":[{"name":"wp","href":"https:\/\/api.w.org\/{rel}","templated":true}]}}