{"id":17467,"date":"2016-12-13T18:23:44","date_gmt":"2016-12-13T18:23:44","guid":{"rendered":""},"modified":"2016-12-13T18:23:44","modified_gmt":"2016-12-13T18:23:44","slug":"en-francia-lanzan-demanda-colectiva-contra-sanofi-por-medicamento","status":"publish","type":"post","link":"https:\/\/sertv.gob.pa\/nacionalfm\/en-francia-lanzan-demanda-colectiva-contra-sanofi-por-medicamento\/","title":{"rendered":"En Francia lanzan demanda colectiva contra Sanofi por medicamento"},"content":{"rendered":"<p>\nHoy martes, una asociaci\u00f3n francesa de v\u00edctimas de un antiepil\u00e9ptico anunci\u00f3 que presentar\u00e1 una demanda colectiva contra el laboratorio farmac\u00e9utico Sanofi,  acusado de no haber informado a las embarazadas que pod\u00eda ocasionar riesgos de malformaciones fetales.  <\/p>\n<p>Unas 14.000 embarazadas tomaron en Francia entre 2007 y 2014 el antiepil\u00e9ptico D\u00e9pakine.  La ingesta de este f\u00e1rmaco durante la gestaci\u00f3n provoca un riesgo alto de malformaciones congenitales, autismo y retraso psicomotor.  <\/p>\n<p>El abogado de la asociaci\u00f3n Apesac, Charles Joseph-Oudin, se\u00f1al\u00f3 que envi\u00f3 al grupo franc\u00e9s Sanofi una carta para \u00abpedirle que acepte su responsabilidad e indemnice a las v\u00edctimas\u00bb. <\/p>\n<p>La asociaci\u00f3n Apesac, conformada por unas 2.000 familias, denuncia que el laboratorio  no inform\u00f3 a las embarazadas de los riesgos que corr\u00edan si tomaban este medicamento , pese a que seg\u00fan Charles Joseph-Oudin \u00absab\u00eda sobre los riesgos desde inicios de 1980\u00bb. <\/p>\n<p>Sanofi tiene un plazo de cuatro meses para responder a la asociaci\u00f3n. Luego de este per\u00edodo, la Apesac podr\u00e1 acudir a la justicia para que \u00abreconozca la responsabilidad del laboratorio\u00bb. <\/p>\n<p>\u00a0 <\/p>\n","protected":false},"excerpt":{"rendered":"<p>Hoy martes, una asociaci\u00f3n francesa de v\u00edctimas de un antiepil\u00e9ptico <a href=\"https:\/\/sertv.gob.pa\/nacionalfm\/en-francia-lanzan-demanda-colectiva-contra-sanofi-por-medicamento\/\"> [&#8230;]<\/a><\/p>\n","protected":false},"author":1,"featured_media":17468,"comment_status":"closed","ping_status":"closed","sticky":false,"template":"","format":"standard","meta":{"footnotes":""},"categories":[5],"tags":[],"class_list":["post-17467","post","type-post","status-publish","format-standard","has-post-thumbnail","hentry","category-salud"],"_links":{"self":[{"href":"https:\/\/sertv.gob.pa\/nacionalfm\/wp-json\/wp\/v2\/posts\/17467","targetHints":{"allow":["GET"]}}],"collection":[{"href":"https:\/\/sertv.gob.pa\/nacionalfm\/wp-json\/wp\/v2\/posts"}],"about":[{"href":"https:\/\/sertv.gob.pa\/nacionalfm\/wp-json\/wp\/v2\/types\/post"}],"author":[{"embeddable":true,"href":"https:\/\/sertv.gob.pa\/nacionalfm\/wp-json\/wp\/v2\/users\/1"}],"replies":[{"embeddable":true,"href":"https:\/\/sertv.gob.pa\/nacionalfm\/wp-json\/wp\/v2\/comments?post=17467"}],"version-history":[{"count":0,"href":"https:\/\/sertv.gob.pa\/nacionalfm\/wp-json\/wp\/v2\/posts\/17467\/revisions"}],"wp:featuredmedia":[{"embeddable":true,"href":"https:\/\/sertv.gob.pa\/nacionalfm\/wp-json\/wp\/v2\/media\/17468"}],"wp:attachment":[{"href":"https:\/\/sertv.gob.pa\/nacionalfm\/wp-json\/wp\/v2\/media?parent=17467"}],"wp:term":[{"taxonomy":"category","embeddable":true,"href":"https:\/\/sertv.gob.pa\/nacionalfm\/wp-json\/wp\/v2\/categories?post=17467"},{"taxonomy":"post_tag","embeddable":true,"href":"https:\/\/sertv.gob.pa\/nacionalfm\/wp-json\/wp\/v2\/tags?post=17467"}],"curies":[{"name":"wp","href":"https:\/\/api.w.org\/{rel}","templated":true}]}}