{"id":17491,"date":"2016-12-14T16:54:11","date_gmt":"2016-12-14T16:54:11","guid":{"rendered":""},"modified":"2016-12-14T16:54:11","modified_gmt":"2016-12-14T16:54:11","slug":"la-arana-vasquez-y-el-olimpico-huertas-salen-de-clasificaciones","status":"publish","type":"post","link":"https:\/\/sertv.gob.pa\/nacionalfm\/la-arana-vasquez-y-el-olimpico-huertas-salen-de-clasificaciones\/","title":{"rendered":"\u201cLa Ara\u00f1a\u201d V\u00e1squez y \u201cEl Ol\u00edmpico\u201d Huertas salen de clasificaciones"},"content":{"rendered":"<p>\nEl ex campe\u00f3n minimosca y mosca interino de la Asociaci\u00f3n Mundial de Boxeo Roberto &ldquo;La Ara\u00f1a&rdquo; V\u00e1squez y Juan &ldquo;El Ol\u00edmpico&rdquo; Huertas fueron excluidos de la AMB\u00a0 por su marcada inactividad. <\/p>\n<p>Se mantienen en las clasificaciones en los superplumas como supercampe\u00f3n Jezrrel &ldquo;El Invisible&rdquo; Corrales, como retadores Jaime Arboleda asciende a la s\u00e9ptima casilla y Ricardo &ldquo;El Cient\u00edfico&rdquo; N\u00fa\u00f1ez a la novena posici\u00f3n. <\/p>\n<p>En los pesos plumas el chiricano Bryan De Gracia se mantiene en la s\u00e9ptima posici\u00f3n, en los supergallos se mantiene el ex campe\u00f3n gallo Anselmo &ldquo;Chemito&rdquo; Moreno de sexto y en los pesos minimoscas se ubican Azael &ldquo;Candelilla&rdquo; Villar de noveno y en el d\u00e9cimo lugar Leroy &ldquo;El Sensacional&rdquo; Estrada. <\/p>\n<p>\u00a0 <\/p>\n","protected":false},"excerpt":{"rendered":"<p>El ex campe\u00f3n minimosca y mosca interino de la Asociaci\u00f3n <a href=\"https:\/\/sertv.gob.pa\/nacionalfm\/la-arana-vasquez-y-el-olimpico-huertas-salen-de-clasificaciones\/\"> [&#8230;]<\/a><\/p>\n","protected":false},"author":1,"featured_media":17492,"comment_status":"closed","ping_status":"closed","sticky":false,"template":"","format":"standard","meta":{"footnotes":""},"categories":[4],"tags":[],"class_list":["post-17491","post","type-post","status-publish","format-standard","has-post-thumbnail","hentry","category-deportes"],"_links":{"self":[{"href":"https:\/\/sertv.gob.pa\/nacionalfm\/wp-json\/wp\/v2\/posts\/17491","targetHints":{"allow":["GET"]}}],"collection":[{"href":"https:\/\/sertv.gob.pa\/nacionalfm\/wp-json\/wp\/v2\/posts"}],"about":[{"href":"https:\/\/sertv.gob.pa\/nacionalfm\/wp-json\/wp\/v2\/types\/post"}],"author":[{"embeddable":true,"href":"https:\/\/sertv.gob.pa\/nacionalfm\/wp-json\/wp\/v2\/users\/1"}],"replies":[{"embeddable":true,"href":"https:\/\/sertv.gob.pa\/nacionalfm\/wp-json\/wp\/v2\/comments?post=17491"}],"version-history":[{"count":0,"href":"https:\/\/sertv.gob.pa\/nacionalfm\/wp-json\/wp\/v2\/posts\/17491\/revisions"}],"wp:featuredmedia":[{"embeddable":true,"href":"https:\/\/sertv.gob.pa\/nacionalfm\/wp-json\/wp\/v2\/media\/17492"}],"wp:attachment":[{"href":"https:\/\/sertv.gob.pa\/nacionalfm\/wp-json\/wp\/v2\/media?parent=17491"}],"wp:term":[{"taxonomy":"category","embeddable":true,"href":"https:\/\/sertv.gob.pa\/nacionalfm\/wp-json\/wp\/v2\/categories?post=17491"},{"taxonomy":"post_tag","embeddable":true,"href":"https:\/\/sertv.gob.pa\/nacionalfm\/wp-json\/wp\/v2\/tags?post=17491"}],"curies":[{"name":"wp","href":"https:\/\/api.w.org\/{rel}","templated":true}]}}