{"id":17495,"date":"2016-12-14T18:43:21","date_gmt":"2016-12-14T18:43:21","guid":{"rendered":""},"modified":"2016-12-14T18:43:21","modified_gmt":"2016-12-14T18:43:21","slug":"regiones-con-mayores-casos-de-anemia-en-el-pais","status":"publish","type":"post","link":"https:\/\/sertv.gob.pa\/nacionalfm\/regiones-con-mayores-casos-de-anemia-en-el-pais\/","title":{"rendered":"Regiones con mayores casos de anemia en el pa\u00eds"},"content":{"rendered":"<p>\nSeg\u00fan datos estad\u00edsticos reportados por el Sistema de Monitoreo Nutricional (MONINUT), \u00a0 en las instalaciones del Ministerio de Salud (MINSA) llevado a cabo en 2014, revelan que la prevalencia de anemia en menores de 6 meses a 5 a\u00f1os es de 33.9%. <\/p>\n<p>Seg\u00fan las estad\u00edsticas las cinco Regiones de Salud con reportes de anemia severa fueron: Bocas del Toro con 58.3%, Kuna Yala con 56.1%, Dari\u00e9n con 44.2%, Panam\u00e1 Este con 43.4 % y Col\u00f3n 40.7%. <\/p>\n<p>Las Regiones de Salud de la Comarca Ng\u00e4be Bugl\u00e9 (36.2%), Veraguas (33.3%), Cocl\u00e9 (33.3 %), Metropolitana (32.1%), Los Santos (28.6%), Chiriqu\u00ed (26.1%) y Herrera (21.5%) presentaron una magnitud moderada. Mientras que la Regi\u00f3n de San Miguelito (13.5%) fue la \u00fanica en presentar una magnitud leve de anemia. <\/p>\n<p>Ante este hecho, el MINSA ha realizado el programa de suplementaci\u00f3n preventiva con hierro, y se ha observado una disminuci\u00f3n de la anemia en escolares de cuarto grado de escuelas oficiales del pa\u00eds. <\/p>\n<p>En cuanto a las mujeres embarazadas, la prevalencia nacional de anemia fue de un 23.2%, lo cual seg\u00fan los criterios de clasificaci\u00f3n de anemia como problema de salud p\u00fablica se ubica en magnitud moderada. <\/p>\n<p>Las Regiones de Salud con magnitud de anemia severa en mujeres embarazadas son Bocas del Toro (45.8%) y Col\u00f3n (45.1%); las Regiones de Dari\u00e9n (29.1%), Kuna Yala (28.6%), Metropolitana (26.1%), Cocl\u00e9 (24.5%), Panam\u00e1 Este (24.5%) y Panam\u00e1 Oeste (20.4%) se clasifican con magnitud moderada; mientras que Chiriqu\u00ed (19.4%), San Miguelito (17.1%), Comarca Ng\u00e4be Bugl\u00e9 (16.5%), Veraguas (15%), Los Santos (12.9%) y Herrera (6.8%) fueron clasificadas con magnitud leve. <\/p>\n<p>La anemia tiene consecuencias negativas en el desarrollo f\u00edsico y cognitivo del ni\u00f1o y en su productividad en la edad adulta. Si no se trata con prontitud, muchas de estas consecuencias pueden volverse irreversibles. En el grupo de las embarazadas aumenta el peligro de muerte materna, prematuridad y bajo peso al nacer.\u00a0 <\/p>\n<p>\u00a0 <\/p>\n","protected":false},"excerpt":{"rendered":"<p>Seg\u00fan datos estad\u00edsticos reportados por el Sistema de Monitoreo Nutricional <a href=\"https:\/\/sertv.gob.pa\/nacionalfm\/regiones-con-mayores-casos-de-anemia-en-el-pais\/\"> [&#8230;]<\/a><\/p>\n","protected":false},"author":1,"featured_media":17496,"comment_status":"closed","ping_status":"closed","sticky":false,"template":"","format":"standard","meta":{"footnotes":""},"categories":[5],"tags":[],"class_list":["post-17495","post","type-post","status-publish","format-standard","has-post-thumbnail","hentry","category-salud"],"_links":{"self":[{"href":"https:\/\/sertv.gob.pa\/nacionalfm\/wp-json\/wp\/v2\/posts\/17495","targetHints":{"allow":["GET"]}}],"collection":[{"href":"https:\/\/sertv.gob.pa\/nacionalfm\/wp-json\/wp\/v2\/posts"}],"about":[{"href":"https:\/\/sertv.gob.pa\/nacionalfm\/wp-json\/wp\/v2\/types\/post"}],"author":[{"embeddable":true,"href":"https:\/\/sertv.gob.pa\/nacionalfm\/wp-json\/wp\/v2\/users\/1"}],"replies":[{"embeddable":true,"href":"https:\/\/sertv.gob.pa\/nacionalfm\/wp-json\/wp\/v2\/comments?post=17495"}],"version-history":[{"count":0,"href":"https:\/\/sertv.gob.pa\/nacionalfm\/wp-json\/wp\/v2\/posts\/17495\/revisions"}],"wp:featuredmedia":[{"embeddable":true,"href":"https:\/\/sertv.gob.pa\/nacionalfm\/wp-json\/wp\/v2\/media\/17496"}],"wp:attachment":[{"href":"https:\/\/sertv.gob.pa\/nacionalfm\/wp-json\/wp\/v2\/media?parent=17495"}],"wp:term":[{"taxonomy":"category","embeddable":true,"href":"https:\/\/sertv.gob.pa\/nacionalfm\/wp-json\/wp\/v2\/categories?post=17495"},{"taxonomy":"post_tag","embeddable":true,"href":"https:\/\/sertv.gob.pa\/nacionalfm\/wp-json\/wp\/v2\/tags?post=17495"}],"curies":[{"name":"wp","href":"https:\/\/api.w.org\/{rel}","templated":true}]}}