{"id":17521,"date":"2016-12-15T18:18:21","date_gmt":"2016-12-15T18:18:21","guid":{"rendered":""},"modified":"2016-12-15T18:18:21","modified_gmt":"2016-12-15T18:18:21","slug":"mas-de-7-500-trasplantes-de-corazon-en-espana","status":"publish","type":"post","link":"https:\/\/sertv.gob.pa\/nacionalfm\/mas-de-7-500-trasplantes-de-corazon-en-espana\/","title":{"rendered":"M\u00e1s de 7.500 trasplantes de coraz\u00f3n en Espa\u00f1a"},"content":{"rendered":"<p>\nEspa\u00f1a se posiciona como l\u00edder mundial en trasplantes, y lo hace por 24\u00ba a\u00f1o consecutivo. As\u00ed lo anunci\u00f3 recientemente la  Organizaci\u00f3n Nacional del Transplante  (ONT) en la publicaci\u00f3n oficial de la Comisi\u00f3n de Trasplantes del Consejo de Europa (  Newsletter Transplant 2016  ). Ahora, el Registro Espa\u00f1ol de Trasplante Card\u00edaco -un estudio anual realizado desde 1984- de la  Sociedad Espa\u00f1ola de Cardiolog\u00eda  ha revelado que de los 4.769 trasplantes que hubo en Espa\u00f1a durante 2015, 299 fueron de coraz\u00f3n. Este estudio ha sido publicado en la  Revista Espa\u00f1ola de Cardiolog\u00eda  y cuenta con datos referentes al 2015 y a los \u00faltimos 30 a\u00f1os, donde se produjeron m\u00e1s de 7.500 trasplantes de este \u00f3rgano. <\/p>\n<p>El an\u00e1lisis igualmente revela los datos respectivos a la supervivencia media de los pacientes trasplantados, que detallan un  aumento progresivo durante 3 a\u00f1os , pasando de los 9,1 a\u00f1os en el periodo 1984-1993, los 10,9 a\u00f1os entre 1994 y 2003, y alcanzando los 12 entre 2004 y 2013. Luego de esta mejora, se ha destacado otra adicional entre 2014 y 2015 donde la supervivencia al a\u00f1o se situ\u00f3 en torno al 80%. \u00abLa mejora a medio-largo plazo se ha mantenido constante a lo largo de todos los periodos estudiados y se espera que siga manteni\u00e9ndose en los pr\u00f3ximos a\u00f1os\u00bb, ha afirmado Francisco Gonz\u00e1lez-V\u00edilchez, director del Registro, vocal de la Secci\u00f3n de Insuficiencia Card\u00edaca de la SEC y autor principal del estudio. <\/p>\n<p>En cuanto a las  causas de muerte , existen variaciones conforme al tiempo que transcurra desde el trasplante. As\u00ed pues, el 50% de los fallecimientos, indica el doctor Gonz\u00e1lez-V\u00edlchez, se deben a fallos del injerto durante el primer mes, un 15,1% a rechazos del nuevo \u00f3rgano entre el segundo mes y el a\u00f1o, y pasado este, a enfermedades vasculares del injerto (30%) y a tumores (22%). <\/p>\n<p>\u00a0 <\/p>\n<p>\u00a0 <\/p>\n","protected":false},"excerpt":{"rendered":"<p>Espa\u00f1a se posiciona como l\u00edder mundial en trasplantes, y lo <a href=\"https:\/\/sertv.gob.pa\/nacionalfm\/mas-de-7-500-trasplantes-de-corazon-en-espana\/\"> [&#8230;]<\/a><\/p>\n","protected":false},"author":1,"featured_media":17522,"comment_status":"closed","ping_status":"closed","sticky":false,"template":"","format":"standard","meta":{"footnotes":""},"categories":[5],"tags":[],"class_list":["post-17521","post","type-post","status-publish","format-standard","has-post-thumbnail","hentry","category-salud"],"_links":{"self":[{"href":"https:\/\/sertv.gob.pa\/nacionalfm\/wp-json\/wp\/v2\/posts\/17521","targetHints":{"allow":["GET"]}}],"collection":[{"href":"https:\/\/sertv.gob.pa\/nacionalfm\/wp-json\/wp\/v2\/posts"}],"about":[{"href":"https:\/\/sertv.gob.pa\/nacionalfm\/wp-json\/wp\/v2\/types\/post"}],"author":[{"embeddable":true,"href":"https:\/\/sertv.gob.pa\/nacionalfm\/wp-json\/wp\/v2\/users\/1"}],"replies":[{"embeddable":true,"href":"https:\/\/sertv.gob.pa\/nacionalfm\/wp-json\/wp\/v2\/comments?post=17521"}],"version-history":[{"count":0,"href":"https:\/\/sertv.gob.pa\/nacionalfm\/wp-json\/wp\/v2\/posts\/17521\/revisions"}],"wp:featuredmedia":[{"embeddable":true,"href":"https:\/\/sertv.gob.pa\/nacionalfm\/wp-json\/wp\/v2\/media\/17522"}],"wp:attachment":[{"href":"https:\/\/sertv.gob.pa\/nacionalfm\/wp-json\/wp\/v2\/media?parent=17521"}],"wp:term":[{"taxonomy":"category","embeddable":true,"href":"https:\/\/sertv.gob.pa\/nacionalfm\/wp-json\/wp\/v2\/categories?post=17521"},{"taxonomy":"post_tag","embeddable":true,"href":"https:\/\/sertv.gob.pa\/nacionalfm\/wp-json\/wp\/v2\/tags?post=17521"}],"curies":[{"name":"wp","href":"https:\/\/api.w.org\/{rel}","templated":true}]}}