{"id":17537,"date":"2016-12-16T15:18:29","date_gmt":"2016-12-16T15:18:29","guid":{"rendered":""},"modified":"2016-12-16T15:18:29","modified_gmt":"2016-12-16T15:18:29","slug":"realizan-seminario-de-sensibilizacion-a-instructores-de-karate-inclusivo","status":"publish","type":"post","link":"https:\/\/sertv.gob.pa\/nacionalfm\/realizan-seminario-de-sensibilizacion-a-instructores-de-karate-inclusivo\/","title":{"rendered":"Realizan seminario de sensibilizaci\u00f3n a instructores de karate inclusivo"},"content":{"rendered":"<p>\nDos d\u00edas de seminarios de sensibilizaci\u00f3n a m\u00e1s de 35 instructores de karate inclusivo del pa\u00eds, organizan la Fundaci\u00f3n de Desparrollo Sencshi, la Secretar\u00eda Nacional de Discapacidad (SENADI) y el Instituto Paname\u00f1o de Deportes. <\/p>\n<p>El evento es el primero de una serie de cuatro que se realizar\u00e1n desde diciembre del 2016 hasta marzo del 2017 y busca brindar conocimientos a \u00e1rbitros e instructores sobre la accesibilidad, derechos, lenguaje de se\u00f1as y manejo de atletas con discapacidad, espec\u00edficamente en la disciplina del Parakarate. <\/p>\n<p>&ldquo;En compa\u00f1\u00eda del Senadis y Pandeportes, estamos preparando la primera generaci\u00f3n de entrenadores y \u00e1rbitros capacitados para promover el parakarate en nuestro pa\u00eds, como proyecto de inclusi\u00f3n, la mejor parte es que les daremos las herramientas para una adecuada instrucci\u00f3n en el deporte a los atletas con discapacidad&rdquo; asegur\u00f3 el Sensei Eduardo Fr\u00edas, presidente de la Fundaci\u00f3n Desarrollo Senshi. <\/p>\n<p>Este primer seminario tiene como sede la sala de conferencias del estadio Rommel Fern\u00e1ndez en donde ayer jueves y hoy viernes participan seminaristas de las provincias de Panam\u00e1, Cocl\u00e9, Veraguas, Col\u00f3n y Panam\u00e1 Oeste. <\/p>\n<p>\u00a0 <\/p>\n","protected":false},"excerpt":{"rendered":"<p>Dos d\u00edas de seminarios de sensibilizaci\u00f3n a m\u00e1s de 35 <a href=\"https:\/\/sertv.gob.pa\/nacionalfm\/realizan-seminario-de-sensibilizacion-a-instructores-de-karate-inclusivo\/\"> [&#8230;]<\/a><\/p>\n","protected":false},"author":1,"featured_media":17538,"comment_status":"closed","ping_status":"closed","sticky":false,"template":"","format":"standard","meta":{"footnotes":""},"categories":[4],"tags":[],"class_list":["post-17537","post","type-post","status-publish","format-standard","has-post-thumbnail","hentry","category-deportes"],"_links":{"self":[{"href":"https:\/\/sertv.gob.pa\/nacionalfm\/wp-json\/wp\/v2\/posts\/17537","targetHints":{"allow":["GET"]}}],"collection":[{"href":"https:\/\/sertv.gob.pa\/nacionalfm\/wp-json\/wp\/v2\/posts"}],"about":[{"href":"https:\/\/sertv.gob.pa\/nacionalfm\/wp-json\/wp\/v2\/types\/post"}],"author":[{"embeddable":true,"href":"https:\/\/sertv.gob.pa\/nacionalfm\/wp-json\/wp\/v2\/users\/1"}],"replies":[{"embeddable":true,"href":"https:\/\/sertv.gob.pa\/nacionalfm\/wp-json\/wp\/v2\/comments?post=17537"}],"version-history":[{"count":0,"href":"https:\/\/sertv.gob.pa\/nacionalfm\/wp-json\/wp\/v2\/posts\/17537\/revisions"}],"wp:featuredmedia":[{"embeddable":true,"href":"https:\/\/sertv.gob.pa\/nacionalfm\/wp-json\/wp\/v2\/media\/17538"}],"wp:attachment":[{"href":"https:\/\/sertv.gob.pa\/nacionalfm\/wp-json\/wp\/v2\/media?parent=17537"}],"wp:term":[{"taxonomy":"category","embeddable":true,"href":"https:\/\/sertv.gob.pa\/nacionalfm\/wp-json\/wp\/v2\/categories?post=17537"},{"taxonomy":"post_tag","embeddable":true,"href":"https:\/\/sertv.gob.pa\/nacionalfm\/wp-json\/wp\/v2\/tags?post=17537"}],"curies":[{"name":"wp","href":"https:\/\/api.w.org\/{rel}","templated":true}]}}