{"id":17539,"date":"2016-12-16T16:23:50","date_gmt":"2016-12-16T16:23:50","guid":{"rendered":""},"modified":"2016-12-16T16:23:50","modified_gmt":"2016-12-16T16:23:50","slug":"se-activa-manana-boxeo-olimpico-en-panama","status":"publish","type":"post","link":"https:\/\/sertv.gob.pa\/nacionalfm\/se-activa-manana-boxeo-olimpico-en-panama\/","title":{"rendered":"Se activa ma\u00f1ana boxeo ol\u00edmpico en Panam\u00e1"},"content":{"rendered":"<p>\nEl boxeo ol\u00edmpico en Panam\u00e1 tendr\u00e1 mucha actividad ma\u00f1ana cuando se realizar\u00e1n en diferentes partes del pa\u00eds carftillas de boxeo. <\/p>\n<p>En la Cinta Costera se llevar\u00e1 una cartilla de boxeo ol\u00edmpico ma\u00f1ana con el patrocinio de la Alcald\u00eda de Panam\u00e1 que preside Jos\u00e9 Isabel Bland\u00f3n como alcalde y organiza Roberto &ldquo;El Bombardero&rdquo; Brown, Subgerente de Deportes del Municipio Capital. <\/p>\n<p>Tambi\u00e9n se har\u00e1n cartillas de boxeo ol\u00edmpico en La Junta Comunal de la Chorrera que se realiza con los boxeadores de Gustavo Cervantes ante p\u00fagiles de Panam\u00e1, San Miguelito y la 24 de diciembre, lo mismo que en la provincia de Los Santos y en Bocas del Toro. <\/p>\n<p>\u00a0 <\/p>\n<p>\u00a0 <\/p>\n","protected":false},"excerpt":{"rendered":"<p>El boxeo ol\u00edmpico en Panam\u00e1 tendr\u00e1 mucha actividad ma\u00f1ana cuando <a href=\"https:\/\/sertv.gob.pa\/nacionalfm\/se-activa-manana-boxeo-olimpico-en-panama\/\"> [&#8230;]<\/a><\/p>\n","protected":false},"author":1,"featured_media":17540,"comment_status":"closed","ping_status":"closed","sticky":false,"template":"","format":"standard","meta":{"footnotes":""},"categories":[4],"tags":[],"class_list":["post-17539","post","type-post","status-publish","format-standard","has-post-thumbnail","hentry","category-deportes"],"_links":{"self":[{"href":"https:\/\/sertv.gob.pa\/nacionalfm\/wp-json\/wp\/v2\/posts\/17539","targetHints":{"allow":["GET"]}}],"collection":[{"href":"https:\/\/sertv.gob.pa\/nacionalfm\/wp-json\/wp\/v2\/posts"}],"about":[{"href":"https:\/\/sertv.gob.pa\/nacionalfm\/wp-json\/wp\/v2\/types\/post"}],"author":[{"embeddable":true,"href":"https:\/\/sertv.gob.pa\/nacionalfm\/wp-json\/wp\/v2\/users\/1"}],"replies":[{"embeddable":true,"href":"https:\/\/sertv.gob.pa\/nacionalfm\/wp-json\/wp\/v2\/comments?post=17539"}],"version-history":[{"count":0,"href":"https:\/\/sertv.gob.pa\/nacionalfm\/wp-json\/wp\/v2\/posts\/17539\/revisions"}],"wp:featuredmedia":[{"embeddable":true,"href":"https:\/\/sertv.gob.pa\/nacionalfm\/wp-json\/wp\/v2\/media\/17540"}],"wp:attachment":[{"href":"https:\/\/sertv.gob.pa\/nacionalfm\/wp-json\/wp\/v2\/media?parent=17539"}],"wp:term":[{"taxonomy":"category","embeddable":true,"href":"https:\/\/sertv.gob.pa\/nacionalfm\/wp-json\/wp\/v2\/categories?post=17539"},{"taxonomy":"post_tag","embeddable":true,"href":"https:\/\/sertv.gob.pa\/nacionalfm\/wp-json\/wp\/v2\/tags?post=17539"}],"curies":[{"name":"wp","href":"https:\/\/api.w.org\/{rel}","templated":true}]}}