{"id":17547,"date":"2016-12-16T18:18:11","date_gmt":"2016-12-16T18:18:11","guid":{"rendered":""},"modified":"2016-12-16T18:18:11","modified_gmt":"2016-12-16T18:18:11","slug":"fepafut-ratifica-error-mcfarlane-portero-menos-vencido-de-la-lpf","status":"publish","type":"post","link":"https:\/\/sertv.gob.pa\/nacionalfm\/fepafut-ratifica-error-mcfarlane-portero-menos-vencido-de-la-lpf\/","title":{"rendered":"FEPAFUT  ratifica error, McFarlane, portero menos vencido de la LPF"},"content":{"rendered":"<p>\nEl guardameta del Tauro FC \u00d3scar McFarlane, el ganador del premio al portero menos vencido del recientemente finalizado Torneo de Apertura 2016 de la Liga Paname\u00f1a de F\u00fatbol, seg\u00fan anunci\u00f3 la Federaci\u00f3n Paname\u00f1a de F\u00fatbol a trav\u00e9s de su Departamento de Registros y Estad\u00edsticas. <\/p>\n<p>Tras revisar las estad\u00edsticas, la FEPAFUT reconoce y corrige inmediatamente un error involuntario a trav\u00e9s del cual se le adjudic\u00f3 dicho premio a Vladimir Vargas, guardameta del San Francisco FC. <\/p>\n<p>El Reglamento de Competencia se\u00f1ala que el para la adjudicaci\u00f3n de este premio los porteros deben:\u00a0 <\/p>\n<p>\u00a0&bull; Haber disputado 72% de los partidos, o m\u00e1s, durante el torneo de la Liga. S\u00f3lo se computan\u00a0aquellos encuentros en los que el guardameta permanezca en juego durante sesenta y cinco\u00a0minutos, como m\u00ednimo. <\/p>\n<p>\u00a0&bull; Haber recibido menos goles en contra. <\/p>\n<p>Importante se\u00f1alar que: \u00abEl promedio de goles recibidos es el cociente obtenido al dividir el total de goles recibidos por cada\u00a0guardameta, entre el n\u00famero de partidos disputados encuentros que se le computaron.\u00a0 <\/p>\n<p>Dicho cociente\u00a0se obtiene hasta la fracci\u00f3n centesimal, clasific\u00e1ndose en primera posici\u00f3n el poseedor del promedio\u00a0num\u00e9ricamente inferior, y sucesivamente, en orden creciente. <\/p>\n<p>\u00a0Para el c\u00e1lculo de este promedio se tomar\u00e1n en cuenta \u00fanicamente los 18 partidos de la ronda regular de cada torneo. <\/p>\n<p>McFarlane jug\u00f3 los 18 partidos de su equipo en la ronda regular en los que recibi\u00f3 un total de nueve goles para un promedio de 0.50 goles recibidos por partido. <\/p>\n<p>La FEPAFUT y la LPF desean ofrecer disculpas a \u00d3scar McFarlane y al Tauro FC por el error involuntario y anuncian que al jugador taurino se le entregar\u00e1 el premio correspondiente. <\/p>\n<p>\u00a0 <\/p>\n","protected":false},"excerpt":{"rendered":"<p>El guardameta del Tauro FC \u00d3scar McFarlane, el ganador del <a href=\"https:\/\/sertv.gob.pa\/nacionalfm\/fepafut-ratifica-error-mcfarlane-portero-menos-vencido-de-la-lpf\/\"> [&#8230;]<\/a><\/p>\n","protected":false},"author":1,"featured_media":17548,"comment_status":"closed","ping_status":"closed","sticky":false,"template":"","format":"standard","meta":{"footnotes":""},"categories":[4],"tags":[],"class_list":["post-17547","post","type-post","status-publish","format-standard","has-post-thumbnail","hentry","category-deportes"],"_links":{"self":[{"href":"https:\/\/sertv.gob.pa\/nacionalfm\/wp-json\/wp\/v2\/posts\/17547","targetHints":{"allow":["GET"]}}],"collection":[{"href":"https:\/\/sertv.gob.pa\/nacionalfm\/wp-json\/wp\/v2\/posts"}],"about":[{"href":"https:\/\/sertv.gob.pa\/nacionalfm\/wp-json\/wp\/v2\/types\/post"}],"author":[{"embeddable":true,"href":"https:\/\/sertv.gob.pa\/nacionalfm\/wp-json\/wp\/v2\/users\/1"}],"replies":[{"embeddable":true,"href":"https:\/\/sertv.gob.pa\/nacionalfm\/wp-json\/wp\/v2\/comments?post=17547"}],"version-history":[{"count":0,"href":"https:\/\/sertv.gob.pa\/nacionalfm\/wp-json\/wp\/v2\/posts\/17547\/revisions"}],"wp:featuredmedia":[{"embeddable":true,"href":"https:\/\/sertv.gob.pa\/nacionalfm\/wp-json\/wp\/v2\/media\/17548"}],"wp:attachment":[{"href":"https:\/\/sertv.gob.pa\/nacionalfm\/wp-json\/wp\/v2\/media?parent=17547"}],"wp:term":[{"taxonomy":"category","embeddable":true,"href":"https:\/\/sertv.gob.pa\/nacionalfm\/wp-json\/wp\/v2\/categories?post=17547"},{"taxonomy":"post_tag","embeddable":true,"href":"https:\/\/sertv.gob.pa\/nacionalfm\/wp-json\/wp\/v2\/tags?post=17547"}],"curies":[{"name":"wp","href":"https:\/\/api.w.org\/{rel}","templated":true}]}}