{"id":17553,"date":"2016-12-16T19:20:31","date_gmt":"2016-12-16T19:20:31","guid":{"rendered":""},"modified":"2016-12-16T19:20:31","modified_gmt":"2016-12-16T19:20:31","slug":"san-francisco-fc-continua-con-nuevo-proceso","status":"publish","type":"post","link":"https:\/\/sertv.gob.pa\/nacionalfm\/san-francisco-fc-continua-con-nuevo-proceso\/","title":{"rendered":"San Francisco FC contin\u00faa con nuevo proceso"},"content":{"rendered":"<p>\nLa Junta Directiva del Sanfrancisco FC, dio a conocer que para el a\u00f1o 2017 se le dar\u00e1 continuidad al nuevo proceso que se inici\u00f3 el a\u00f1o pasado en el Torneo de Apertura, d\u00e1ndole \u00e9nfasis en las categor\u00edas menores del club, u utilizar los talentos de manera progresiva hasta llevarlos\u00a0 a las categor\u00edas profesional y que puedan ser las pr\u00f3ximas figuras de &ldquo;Los Monjes&rdquo;. El San Francisco fue el club que m\u00e1s jugadores de la reserva utiliz\u00f3 en el pasado torneo, evidenciando que se le est\u00e1 dando importancia a los jugadores de dicha categor\u00eda. <\/p>\n<p>Por otro lado, Mike Stump continuar\u00e1 al frente del equipo para el pr\u00f3ximo torneo, para seguir d\u00e1ndole continuidad a los j\u00f3venes, ya que cuenta con experiencia en el pasado formando jugadores. <\/p>\n<p>Para este torneo se espera un San Francisco totalmente diferente, ya que el D.T. podr\u00e1 contar con una mejor plantilla, se podr\u00e1 entrenar y utilizar el Agust\u00edn \u00abMuquita\u00bb S\u00e1nchez desde la primera fecha, situaci\u00f3n que no se vivi\u00f3 el torneo pasado en donde se pudo utilizar el estadio desde la fecha 12. Se reforzar\u00e1 la plantilla con nuevos jugadores con experiencia, para complementar a los j\u00f3venes, y de esta manera aspirar al t\u00edtulo. <\/p>\n<p>Las altas y bajas ser\u00e1n confirmadas en los pr\u00f3ximos d\u00edas, al mismo tiempo en que arranque la pretemporada. <\/p>\n<p>\u00a0 <\/p>\n","protected":false},"excerpt":{"rendered":"<p>La Junta Directiva del Sanfrancisco FC, dio a conocer que <a href=\"https:\/\/sertv.gob.pa\/nacionalfm\/san-francisco-fc-continua-con-nuevo-proceso\/\"> [&#8230;]<\/a><\/p>\n","protected":false},"author":1,"featured_media":17554,"comment_status":"closed","ping_status":"closed","sticky":false,"template":"","format":"standard","meta":{"footnotes":""},"categories":[4],"tags":[],"class_list":["post-17553","post","type-post","status-publish","format-standard","has-post-thumbnail","hentry","category-deportes"],"_links":{"self":[{"href":"https:\/\/sertv.gob.pa\/nacionalfm\/wp-json\/wp\/v2\/posts\/17553","targetHints":{"allow":["GET"]}}],"collection":[{"href":"https:\/\/sertv.gob.pa\/nacionalfm\/wp-json\/wp\/v2\/posts"}],"about":[{"href":"https:\/\/sertv.gob.pa\/nacionalfm\/wp-json\/wp\/v2\/types\/post"}],"author":[{"embeddable":true,"href":"https:\/\/sertv.gob.pa\/nacionalfm\/wp-json\/wp\/v2\/users\/1"}],"replies":[{"embeddable":true,"href":"https:\/\/sertv.gob.pa\/nacionalfm\/wp-json\/wp\/v2\/comments?post=17553"}],"version-history":[{"count":0,"href":"https:\/\/sertv.gob.pa\/nacionalfm\/wp-json\/wp\/v2\/posts\/17553\/revisions"}],"wp:featuredmedia":[{"embeddable":true,"href":"https:\/\/sertv.gob.pa\/nacionalfm\/wp-json\/wp\/v2\/media\/17554"}],"wp:attachment":[{"href":"https:\/\/sertv.gob.pa\/nacionalfm\/wp-json\/wp\/v2\/media?parent=17553"}],"wp:term":[{"taxonomy":"category","embeddable":true,"href":"https:\/\/sertv.gob.pa\/nacionalfm\/wp-json\/wp\/v2\/categories?post=17553"},{"taxonomy":"post_tag","embeddable":true,"href":"https:\/\/sertv.gob.pa\/nacionalfm\/wp-json\/wp\/v2\/tags?post=17553"}],"curies":[{"name":"wp","href":"https:\/\/api.w.org\/{rel}","templated":true}]}}