{"id":17555,"date":"2016-12-16T19:38:59","date_gmt":"2016-12-16T19:38:59","guid":{"rendered":""},"modified":"2016-12-16T19:38:59","modified_gmt":"2016-12-16T19:38:59","slug":"alcaldia-apoya-al-mundial-de-barrio","status":"publish","type":"post","link":"https:\/\/sertv.gob.pa\/nacionalfm\/alcaldia-apoya-al-mundial-de-barrio\/","title":{"rendered":"Alcald\u00eda apoya al Mundial de Barrio"},"content":{"rendered":"<p>\nLa alcald\u00eda de Panam\u00e1 se suma al grupo oficial de patrocinadores que apoyan el Mundial del Barrio proyecto que en el 2017 beneficiar\u00e1 unos 10 mil ni\u00f1os representativos de las 10 provincias y las comarcas Ngabe &ndash;Bugle y Guna Yala. <\/p>\n<p>El torneo que va del 11 de enero al 23 de febrero de 2017, con 37 sedes a nivel nacional y 20 transmisiones por televisi\u00f3n a trav\u00e9s de RPC y Cable Onda Sports, lleva el nombre de Copa Mundial del Barrio Grupo Rey Activo 20-30. <\/p>\n<p>En su participaci\u00f3n el alcalde capitalino, Jos\u00e9 Bland\u00f3n Figueroa, se\u00f1al\u00f3 que pone a disposici\u00f3n de dicho torneo todas las instalaciones deportivas municipales y que este a\u00f1o su administraci\u00f3n elevando el nivel de compromiso con el deporte y la cultura se suma como patrocinador oficial aportando una\u00a0cantidad de dinero para colaborar con la organizaci\u00f3n y desarrollo del evento deportivo. <\/p>\n<p>Esta versi\u00f3n del Mundial del Barrio brindar\u00e1 a los futbolistas 350 horas de capacitaci\u00f3n en temas de autoestima, valores y convivencia. <\/p>\n<p>\u00a0 <\/p>\n<p>\u00a0 <\/p>\n","protected":false},"excerpt":{"rendered":"<p>La alcald\u00eda de Panam\u00e1 se suma al grupo oficial de <a href=\"https:\/\/sertv.gob.pa\/nacionalfm\/alcaldia-apoya-al-mundial-de-barrio\/\"> [&#8230;]<\/a><\/p>\n","protected":false},"author":1,"featured_media":17556,"comment_status":"closed","ping_status":"closed","sticky":false,"template":"","format":"standard","meta":{"footnotes":""},"categories":[4],"tags":[],"class_list":["post-17555","post","type-post","status-publish","format-standard","has-post-thumbnail","hentry","category-deportes"],"_links":{"self":[{"href":"https:\/\/sertv.gob.pa\/nacionalfm\/wp-json\/wp\/v2\/posts\/17555","targetHints":{"allow":["GET"]}}],"collection":[{"href":"https:\/\/sertv.gob.pa\/nacionalfm\/wp-json\/wp\/v2\/posts"}],"about":[{"href":"https:\/\/sertv.gob.pa\/nacionalfm\/wp-json\/wp\/v2\/types\/post"}],"author":[{"embeddable":true,"href":"https:\/\/sertv.gob.pa\/nacionalfm\/wp-json\/wp\/v2\/users\/1"}],"replies":[{"embeddable":true,"href":"https:\/\/sertv.gob.pa\/nacionalfm\/wp-json\/wp\/v2\/comments?post=17555"}],"version-history":[{"count":0,"href":"https:\/\/sertv.gob.pa\/nacionalfm\/wp-json\/wp\/v2\/posts\/17555\/revisions"}],"wp:featuredmedia":[{"embeddable":true,"href":"https:\/\/sertv.gob.pa\/nacionalfm\/wp-json\/wp\/v2\/media\/17556"}],"wp:attachment":[{"href":"https:\/\/sertv.gob.pa\/nacionalfm\/wp-json\/wp\/v2\/media?parent=17555"}],"wp:term":[{"taxonomy":"category","embeddable":true,"href":"https:\/\/sertv.gob.pa\/nacionalfm\/wp-json\/wp\/v2\/categories?post=17555"},{"taxonomy":"post_tag","embeddable":true,"href":"https:\/\/sertv.gob.pa\/nacionalfm\/wp-json\/wp\/v2\/tags?post=17555"}],"curies":[{"name":"wp","href":"https:\/\/api.w.org\/{rel}","templated":true}]}}