{"id":17557,"date":"2016-12-19T15:07:38","date_gmt":"2016-12-19T15:07:38","guid":{"rendered":""},"modified":"2016-12-19T15:07:38","modified_gmt":"2016-12-19T15:07:38","slug":"finaliza-seminario-para-instructores-y-atletas-de-karate","status":"publish","type":"post","link":"https:\/\/sertv.gob.pa\/nacionalfm\/finaliza-seminario-para-instructores-y-atletas-de-karate\/","title":{"rendered":"Finaliza seminario para instructores y atletas de Karate"},"content":{"rendered":"<p>\nCon \u00e9xito finaliz\u00f3 el seminario de sensibilizaci\u00f3n para instructores y atletas de karate inclusivo, que otorg\u00f3 35 certificados a m\u00e1s de 35 participantes y fue organizado por la Fundaci\u00f3n Desarrollo Senshi, la Secretar\u00eda Nacional de Discapacidad y el Instituto Paname\u00f1o de Deportes. <\/p>\n<p>El acto de certificaci\u00f3n cont\u00f3 con la presencia del director general de PANDEPORTES, Roberto Arango, quien personalmente entreg\u00f3 diplomas a los participantes, camada de entrenadores y atletas que fortalecen sus conocimientos en la disciplina del Parakarate. <\/p>\n<p>Este seminario es el primero de una serie de cuatro que se realizar\u00e1n desde diciembre del 2016 hasta marzo del 2017 y busca brindar conocimientos a \u00e1rbitros, atletas e instructores sobre la accesibilidad, derechos, lenguaje de se\u00f1as y manejo de atletas con discapacidad, espec\u00edficamente en la disciplina del Parakarate. <\/p>\n<p>El seminario tuvo como sede la sala de conferencias del estadio Rommel Fern\u00e1ndez en donde por dos d\u00edas participaron seminaristas de las provincias de Panam\u00e1, Cocl\u00e9, Veraguas, Col\u00f3n y Panam\u00e1 Oeste. <\/p>\n<p>\u00a0 <\/p>\n","protected":false},"excerpt":{"rendered":"<p>Con \u00e9xito finaliz\u00f3 el seminario de sensibilizaci\u00f3n para instructores y <a href=\"https:\/\/sertv.gob.pa\/nacionalfm\/finaliza-seminario-para-instructores-y-atletas-de-karate\/\"> [&#8230;]<\/a><\/p>\n","protected":false},"author":1,"featured_media":17558,"comment_status":"closed","ping_status":"closed","sticky":false,"template":"","format":"standard","meta":{"footnotes":""},"categories":[4],"tags":[],"class_list":["post-17557","post","type-post","status-publish","format-standard","has-post-thumbnail","hentry","category-deportes"],"_links":{"self":[{"href":"https:\/\/sertv.gob.pa\/nacionalfm\/wp-json\/wp\/v2\/posts\/17557","targetHints":{"allow":["GET"]}}],"collection":[{"href":"https:\/\/sertv.gob.pa\/nacionalfm\/wp-json\/wp\/v2\/posts"}],"about":[{"href":"https:\/\/sertv.gob.pa\/nacionalfm\/wp-json\/wp\/v2\/types\/post"}],"author":[{"embeddable":true,"href":"https:\/\/sertv.gob.pa\/nacionalfm\/wp-json\/wp\/v2\/users\/1"}],"replies":[{"embeddable":true,"href":"https:\/\/sertv.gob.pa\/nacionalfm\/wp-json\/wp\/v2\/comments?post=17557"}],"version-history":[{"count":0,"href":"https:\/\/sertv.gob.pa\/nacionalfm\/wp-json\/wp\/v2\/posts\/17557\/revisions"}],"wp:featuredmedia":[{"embeddable":true,"href":"https:\/\/sertv.gob.pa\/nacionalfm\/wp-json\/wp\/v2\/media\/17558"}],"wp:attachment":[{"href":"https:\/\/sertv.gob.pa\/nacionalfm\/wp-json\/wp\/v2\/media?parent=17557"}],"wp:term":[{"taxonomy":"category","embeddable":true,"href":"https:\/\/sertv.gob.pa\/nacionalfm\/wp-json\/wp\/v2\/categories?post=17557"},{"taxonomy":"post_tag","embeddable":true,"href":"https:\/\/sertv.gob.pa\/nacionalfm\/wp-json\/wp\/v2\/tags?post=17557"}],"curies":[{"name":"wp","href":"https:\/\/api.w.org\/{rel}","templated":true}]}}