{"id":17561,"date":"2016-12-19T15:46:33","date_gmt":"2016-12-19T15:46:33","guid":{"rendered":""},"modified":"2016-12-19T15:46:33","modified_gmt":"2016-12-19T15:46:33","slug":"sub-20-de-futbol-tendra-2-partidos-de-preparacion-en-el-peru","status":"publish","type":"post","link":"https:\/\/sertv.gob.pa\/nacionalfm\/sub-20-de-futbol-tendra-2-partidos-de-preparacion-en-el-peru\/","title":{"rendered":"Sub-20 de f\u00fatbol tendr\u00e1 2 partidos de preparaci\u00f3n en el Per\u00fa"},"content":{"rendered":"<p>\nDos partidos de preparaci\u00f3n tendr\u00e1 la Selecci\u00f3n Nacional Sub-20 de Panam\u00e1 ante su similar de Per\u00fa los d\u00edas 4 y 6 de enero del pr\u00f3ximo a\u00f1o. <\/p>\n<p>El equipo que dirige Leonardo Pipino se prepara para su participaci\u00f3n en el pr\u00f3ximo Premundial de la categor\u00eda que se jugar\u00e1 en Costa Rica en febrero y marzo. <\/p>\n<p>Actualmente el onceno juvenil se mantiene entrenando de lunes a s\u00e1bado en el &#8216;Cascarita&#8217; Tapia. <\/p>\n<p>En el Premundial de Costa Rica jugar\u00e1n doce selecciones de CONCACAF y el mismo da cuatro cupos para el mundial que se desarrollar\u00e1 en Corea del Sur. <\/p>\n<p>\u00a0 <\/p>\n","protected":false},"excerpt":{"rendered":"<p>Dos partidos de preparaci\u00f3n tendr\u00e1 la Selecci\u00f3n Nacional Sub-20 de <a href=\"https:\/\/sertv.gob.pa\/nacionalfm\/sub-20-de-futbol-tendra-2-partidos-de-preparacion-en-el-peru\/\"> [&#8230;]<\/a><\/p>\n","protected":false},"author":1,"featured_media":17562,"comment_status":"closed","ping_status":"closed","sticky":false,"template":"","format":"standard","meta":{"footnotes":""},"categories":[4],"tags":[],"class_list":["post-17561","post","type-post","status-publish","format-standard","has-post-thumbnail","hentry","category-deportes"],"_links":{"self":[{"href":"https:\/\/sertv.gob.pa\/nacionalfm\/wp-json\/wp\/v2\/posts\/17561","targetHints":{"allow":["GET"]}}],"collection":[{"href":"https:\/\/sertv.gob.pa\/nacionalfm\/wp-json\/wp\/v2\/posts"}],"about":[{"href":"https:\/\/sertv.gob.pa\/nacionalfm\/wp-json\/wp\/v2\/types\/post"}],"author":[{"embeddable":true,"href":"https:\/\/sertv.gob.pa\/nacionalfm\/wp-json\/wp\/v2\/users\/1"}],"replies":[{"embeddable":true,"href":"https:\/\/sertv.gob.pa\/nacionalfm\/wp-json\/wp\/v2\/comments?post=17561"}],"version-history":[{"count":0,"href":"https:\/\/sertv.gob.pa\/nacionalfm\/wp-json\/wp\/v2\/posts\/17561\/revisions"}],"wp:featuredmedia":[{"embeddable":true,"href":"https:\/\/sertv.gob.pa\/nacionalfm\/wp-json\/wp\/v2\/media\/17562"}],"wp:attachment":[{"href":"https:\/\/sertv.gob.pa\/nacionalfm\/wp-json\/wp\/v2\/media?parent=17561"}],"wp:term":[{"taxonomy":"category","embeddable":true,"href":"https:\/\/sertv.gob.pa\/nacionalfm\/wp-json\/wp\/v2\/categories?post=17561"},{"taxonomy":"post_tag","embeddable":true,"href":"https:\/\/sertv.gob.pa\/nacionalfm\/wp-json\/wp\/v2\/tags?post=17561"}],"curies":[{"name":"wp","href":"https:\/\/api.w.org\/{rel}","templated":true}]}}