{"id":17567,"date":"2016-12-19T16:25:49","date_gmt":"2016-12-19T16:25:49","guid":{"rendered":""},"modified":"2016-12-19T16:25:49","modified_gmt":"2016-12-19T16:25:49","slug":"fide-asigna-a-panamenas-como-maestras-de-ajedrez","status":"publish","type":"post","link":"https:\/\/sertv.gob.pa\/nacionalfm\/fide-asigna-a-panamenas-como-maestras-de-ajedrez\/","title":{"rendered":"FIDE asigna a paname\u00f1as como Maestras de Ajedrez"},"content":{"rendered":"<p>\nLa Federaci\u00f3n Internacional de Ajedrez (FIDE), designaron como Maestras a la chorrerana Raisa Barr\u00eda y a la colonense Yleika Chung, quienes se convirtieron en las dos primeras paname\u00f1as con este cargo. <\/p>\n<p>Estos galardones fueron evaluados por Jos\u00e9 Carrillo, presidente de la Federaci\u00f3n de Ajedrez de Panam\u00e1, como los hechos m\u00e1s destacados en un 2016 de excelentes logros para el deporte ciencia paname\u00f1o. <\/p>\n<p>Barr\u00eda logr\u00f3 el t\u00edtulo en el Festival Ol\u00edmpico realizado en Azerbaryan, con la participaci\u00f3n de 120 pa\u00edses y Shung obtuvo la corona nacional. <\/p>\n","protected":false},"excerpt":{"rendered":"<p>La Federaci\u00f3n Internacional de Ajedrez (FIDE), designaron como Maestras a <a href=\"https:\/\/sertv.gob.pa\/nacionalfm\/fide-asigna-a-panamenas-como-maestras-de-ajedrez\/\"> [&#8230;]<\/a><\/p>\n","protected":false},"author":1,"featured_media":17568,"comment_status":"closed","ping_status":"closed","sticky":false,"template":"","format":"standard","meta":{"footnotes":""},"categories":[4],"tags":[],"class_list":["post-17567","post","type-post","status-publish","format-standard","has-post-thumbnail","hentry","category-deportes"],"_links":{"self":[{"href":"https:\/\/sertv.gob.pa\/nacionalfm\/wp-json\/wp\/v2\/posts\/17567","targetHints":{"allow":["GET"]}}],"collection":[{"href":"https:\/\/sertv.gob.pa\/nacionalfm\/wp-json\/wp\/v2\/posts"}],"about":[{"href":"https:\/\/sertv.gob.pa\/nacionalfm\/wp-json\/wp\/v2\/types\/post"}],"author":[{"embeddable":true,"href":"https:\/\/sertv.gob.pa\/nacionalfm\/wp-json\/wp\/v2\/users\/1"}],"replies":[{"embeddable":true,"href":"https:\/\/sertv.gob.pa\/nacionalfm\/wp-json\/wp\/v2\/comments?post=17567"}],"version-history":[{"count":0,"href":"https:\/\/sertv.gob.pa\/nacionalfm\/wp-json\/wp\/v2\/posts\/17567\/revisions"}],"wp:featuredmedia":[{"embeddable":true,"href":"https:\/\/sertv.gob.pa\/nacionalfm\/wp-json\/wp\/v2\/media\/17568"}],"wp:attachment":[{"href":"https:\/\/sertv.gob.pa\/nacionalfm\/wp-json\/wp\/v2\/media?parent=17567"}],"wp:term":[{"taxonomy":"category","embeddable":true,"href":"https:\/\/sertv.gob.pa\/nacionalfm\/wp-json\/wp\/v2\/categories?post=17567"},{"taxonomy":"post_tag","embeddable":true,"href":"https:\/\/sertv.gob.pa\/nacionalfm\/wp-json\/wp\/v2\/tags?post=17567"}],"curies":[{"name":"wp","href":"https:\/\/api.w.org\/{rel}","templated":true}]}}