{"id":17583,"date":"2016-12-20T16:28:30","date_gmt":"2016-12-20T16:28:30","guid":{"rendered":""},"modified":"2016-12-20T16:28:30","modified_gmt":"2016-12-20T16:28:30","slug":"27-anos-de-la-invasion-de-ee-uu-a-panama","status":"publish","type":"post","link":"https:\/\/sertv.gob.pa\/nacionalfm\/27-anos-de-la-invasion-de-ee-uu-a-panama\/","title":{"rendered":"27 a\u00f1os de la invasi\u00f3n de EE.UU. a Panam\u00e1"},"content":{"rendered":"<p>\nEsta ma\u00f1ana autoridades gubernamentales y familiares de las v\u00edctimas de la invasi\u00f3n de Estados Unidos a Panam\u00e1 participaron en los actos oficiales en conmemoraci\u00f3n a esta fecha, pues se cumplen 27 a\u00f1os de este triste acontecimiento. <\/p>\n<p>En el Jard\u00edn de Paz, en Parque Lefevre, se llevaron a cabo los actos en honor a los ca\u00eddos, en donde monse\u00f1or Jos\u00e9 Domingo Ulloa fue el encargado de la eucarist\u00eda y record\u00f3 el \u00abrol\u00bb de los que murieron el 20 de diciembre de 1989. <\/p>\n<p>Mar\u00eda Luisa Navarro, ministra encargada de Relaciones Exteriores, estuvo en representaci\u00f3n del presidente de la Rep\u00fablica Juan Carlos Varela. <\/p>\n<p>En su cuenta de Twitter, el presidente Varela manifest\u00f3 que \u00ablas causas y consecuencias del 20 de diciembre nos ense\u00f1an que el di\u00e1logo es el \u00fanico camino hacia la unidad pese a cualquier diferencia\u00bb. <\/p>\n<p>Los familiares de las v\u00edctimas de la invasi\u00f3n reiteraron que el 20 de diciembre debe ser d\u00eda de duelo nacional. <\/p>\n<p>En la tarde saldr\u00e1 la llamada &lsquo;Marcha Negra&#8217; desde el Monumento de los M\u00e1rtires de El Chorrillo hasta la Plaza 5 de Mayo. <\/p>\n<p>\u00a0 <\/p>\n","protected":false},"excerpt":{"rendered":"<p>Esta ma\u00f1ana autoridades gubernamentales y familiares de las v\u00edctimas de <a href=\"https:\/\/sertv.gob.pa\/nacionalfm\/27-anos-de-la-invasion-de-ee-uu-a-panama\/\"> [&#8230;]<\/a><\/p>\n","protected":false},"author":1,"featured_media":17584,"comment_status":"closed","ping_status":"closed","sticky":false,"template":"","format":"standard","meta":{"footnotes":""},"categories":[2],"tags":[],"class_list":["post-17583","post","type-post","status-publish","format-standard","has-post-thumbnail","hentry","category-nacionales"],"_links":{"self":[{"href":"https:\/\/sertv.gob.pa\/nacionalfm\/wp-json\/wp\/v2\/posts\/17583","targetHints":{"allow":["GET"]}}],"collection":[{"href":"https:\/\/sertv.gob.pa\/nacionalfm\/wp-json\/wp\/v2\/posts"}],"about":[{"href":"https:\/\/sertv.gob.pa\/nacionalfm\/wp-json\/wp\/v2\/types\/post"}],"author":[{"embeddable":true,"href":"https:\/\/sertv.gob.pa\/nacionalfm\/wp-json\/wp\/v2\/users\/1"}],"replies":[{"embeddable":true,"href":"https:\/\/sertv.gob.pa\/nacionalfm\/wp-json\/wp\/v2\/comments?post=17583"}],"version-history":[{"count":0,"href":"https:\/\/sertv.gob.pa\/nacionalfm\/wp-json\/wp\/v2\/posts\/17583\/revisions"}],"wp:featuredmedia":[{"embeddable":true,"href":"https:\/\/sertv.gob.pa\/nacionalfm\/wp-json\/wp\/v2\/media\/17584"}],"wp:attachment":[{"href":"https:\/\/sertv.gob.pa\/nacionalfm\/wp-json\/wp\/v2\/media?parent=17583"}],"wp:term":[{"taxonomy":"category","embeddable":true,"href":"https:\/\/sertv.gob.pa\/nacionalfm\/wp-json\/wp\/v2\/categories?post=17583"},{"taxonomy":"post_tag","embeddable":true,"href":"https:\/\/sertv.gob.pa\/nacionalfm\/wp-json\/wp\/v2\/tags?post=17583"}],"curies":[{"name":"wp","href":"https:\/\/api.w.org\/{rel}","templated":true}]}}