{"id":1760,"date":"2014-10-01T05:00:00","date_gmt":"2014-10-01T05:00:00","guid":{"rendered":""},"modified":"2014-10-01T05:00:00","modified_gmt":"2014-10-01T05:00:00","slug":"octubre-mes-de-prevencion-contra-el-cancer-de-mama-y-prostata","status":"publish","type":"post","link":"https:\/\/sertv.gob.pa\/nacionalfm\/octubre-mes-de-prevencion-contra-el-cancer-de-mama-y-prostata\/","title":{"rendered":"Octubre, mes de prevenci\u00f3n contra el c\u00e1ncer de mama y pr\u00f3stata"},"content":{"rendered":"<p>\nCabe recordar que durante todo el mes de octubre se efectuar\u00e1 la  campa\u00f1a de prevenci\u00f3n contra el c\u00e1ncer de mama y pr\u00f3stata  en Panam\u00e1 y a nivel mundial. <\/p>\n<p>En relaci\u00f3n a esto, el director de Promoci\u00f3n de la Salud del  Ministerio de Salud ,  Grimaldo C\u00f3rdoba,  expres\u00f3 que el \u00fanico objetivo es concientizar a las mujeres y hombres a que acudan al m\u00e9dico para se hagan un examen una vez al a\u00f1o y evitar o detectar a tiempo esta terrible enfermedad que ha matado a tantos paname\u00f1os. <\/p>\n<p> De la misma forma, Grimaldo advirti\u00f3, que en el caso de la mujer la detecci\u00f3n se puede dar a trav\u00e9s de un autoexamen, sin embargo el hombre tiene que acudir al doctor. \u00abLa prevenci\u00f3n no solo se debe concentrar en el mes de octubre sino durante todo el a\u00f1o porque este tipo de c\u00e1ncer no tiene s\u00edntomas\u00bb, manifest\u00f3.  <\/p>\n<p>\u00a0 <\/p>\n<p>Debido a estas circunstancias, el funcionario exhort\u00f3 a la poblaci\u00f3n acudir al m\u00e9dico, no solo en el mes de octubre sino cualquier d\u00eda del a\u00f1o. <\/p>\n","protected":false},"excerpt":{"rendered":"<p>Cabe recordar que durante todo el mes de octubre se <a href=\"https:\/\/sertv.gob.pa\/nacionalfm\/octubre-mes-de-prevencion-contra-el-cancer-de-mama-y-prostata\/\"> [&#8230;]<\/a><\/p>\n","protected":false},"author":1,"featured_media":1761,"comment_status":"closed","ping_status":"closed","sticky":false,"template":"","format":"standard","meta":{"footnotes":""},"categories":[5],"tags":[],"class_list":["post-1760","post","type-post","status-publish","format-standard","has-post-thumbnail","hentry","category-salud"],"_links":{"self":[{"href":"https:\/\/sertv.gob.pa\/nacionalfm\/wp-json\/wp\/v2\/posts\/1760","targetHints":{"allow":["GET"]}}],"collection":[{"href":"https:\/\/sertv.gob.pa\/nacionalfm\/wp-json\/wp\/v2\/posts"}],"about":[{"href":"https:\/\/sertv.gob.pa\/nacionalfm\/wp-json\/wp\/v2\/types\/post"}],"author":[{"embeddable":true,"href":"https:\/\/sertv.gob.pa\/nacionalfm\/wp-json\/wp\/v2\/users\/1"}],"replies":[{"embeddable":true,"href":"https:\/\/sertv.gob.pa\/nacionalfm\/wp-json\/wp\/v2\/comments?post=1760"}],"version-history":[{"count":0,"href":"https:\/\/sertv.gob.pa\/nacionalfm\/wp-json\/wp\/v2\/posts\/1760\/revisions"}],"wp:featuredmedia":[{"embeddable":true,"href":"https:\/\/sertv.gob.pa\/nacionalfm\/wp-json\/wp\/v2\/media\/1761"}],"wp:attachment":[{"href":"https:\/\/sertv.gob.pa\/nacionalfm\/wp-json\/wp\/v2\/media?parent=1760"}],"wp:term":[{"taxonomy":"category","embeddable":true,"href":"https:\/\/sertv.gob.pa\/nacionalfm\/wp-json\/wp\/v2\/categories?post=1760"},{"taxonomy":"post_tag","embeddable":true,"href":"https:\/\/sertv.gob.pa\/nacionalfm\/wp-json\/wp\/v2\/tags?post=1760"}],"curies":[{"name":"wp","href":"https:\/\/api.w.org\/{rel}","templated":true}]}}