{"id":17615,"date":"2016-12-23T16:15:05","date_gmt":"2016-12-23T16:15:05","guid":{"rendered":""},"modified":"2016-12-23T16:15:05","modified_gmt":"2016-12-23T16:15:05","slug":"taekwondo-apuesta-a-nuevos-valores-para-el-2017","status":"publish","type":"post","link":"https:\/\/sertv.gob.pa\/nacionalfm\/taekwondo-apuesta-a-nuevos-valores-para-el-2017\/","title":{"rendered":"Taekwondo apuesta a nuevos valores para el 2017"},"content":{"rendered":"<p>\nEl Taekwondo se proyecta con una buena programaci\u00f3n para el 2017, luego de la participaci\u00f3n de Corolena Cartens en los Juegos Ol\u00edmpicos de R\u00edo, su m\u00e1xima exponente del taekwondo, en el proyecto se apuesta mucho a los nuevos valores de este deporte del arte marcial de origen coreano. <\/p>\n<p>Boris \u00c1lvarez, presidente de la Federaci\u00f3n Paname\u00f1a de Taekwondo, indic\u00f3 que la participaci\u00f3n en los Mundiales de Cadete y Juvenil, en sedes por definir por la Federaci\u00f3n Internacional de Taekwondo se presentan como los m\u00e1s relevantes eventos para el pr\u00f3ximo a\u00f1o. &ldquo;Estamos preparando la nueva camada y contamos con elementos de buen nivel&rdquo;, enfatiz\u00f3. <\/p>\n<p>Detall\u00f3 que Panam\u00e1 cerr\u00f3 el a\u00f1o con la participaci\u00f3n por primera vez en un Mundial Juvenil, celebrado en Canad\u00e1 y teniendo como abanderados a Andr\u00e9s Ho y Abdiel Batista. <\/p>\n<p>\u00c1lvarez expuso que para el 12 de febrero tienen programado el Campeonato Nacional, para la conformaci\u00f3n de las selecciones nacionales en las categor\u00edas Cadete, Juvenil y Mayor. &ldquo;A pesar que tenemos una base de atletas, este certamen ser\u00e1 fundamental para la escogencia del seleccionado&rdquo;. <\/p>\n","protected":false},"excerpt":{"rendered":"<p>El Taekwondo se proyecta con una buena programaci\u00f3n para el <a href=\"https:\/\/sertv.gob.pa\/nacionalfm\/taekwondo-apuesta-a-nuevos-valores-para-el-2017\/\"> [&#8230;]<\/a><\/p>\n","protected":false},"author":1,"featured_media":17616,"comment_status":"closed","ping_status":"closed","sticky":false,"template":"","format":"standard","meta":{"footnotes":""},"categories":[4],"tags":[],"class_list":["post-17615","post","type-post","status-publish","format-standard","has-post-thumbnail","hentry","category-deportes"],"_links":{"self":[{"href":"https:\/\/sertv.gob.pa\/nacionalfm\/wp-json\/wp\/v2\/posts\/17615","targetHints":{"allow":["GET"]}}],"collection":[{"href":"https:\/\/sertv.gob.pa\/nacionalfm\/wp-json\/wp\/v2\/posts"}],"about":[{"href":"https:\/\/sertv.gob.pa\/nacionalfm\/wp-json\/wp\/v2\/types\/post"}],"author":[{"embeddable":true,"href":"https:\/\/sertv.gob.pa\/nacionalfm\/wp-json\/wp\/v2\/users\/1"}],"replies":[{"embeddable":true,"href":"https:\/\/sertv.gob.pa\/nacionalfm\/wp-json\/wp\/v2\/comments?post=17615"}],"version-history":[{"count":0,"href":"https:\/\/sertv.gob.pa\/nacionalfm\/wp-json\/wp\/v2\/posts\/17615\/revisions"}],"wp:featuredmedia":[{"embeddable":true,"href":"https:\/\/sertv.gob.pa\/nacionalfm\/wp-json\/wp\/v2\/media\/17616"}],"wp:attachment":[{"href":"https:\/\/sertv.gob.pa\/nacionalfm\/wp-json\/wp\/v2\/media?parent=17615"}],"wp:term":[{"taxonomy":"category","embeddable":true,"href":"https:\/\/sertv.gob.pa\/nacionalfm\/wp-json\/wp\/v2\/categories?post=17615"},{"taxonomy":"post_tag","embeddable":true,"href":"https:\/\/sertv.gob.pa\/nacionalfm\/wp-json\/wp\/v2\/tags?post=17615"}],"curies":[{"name":"wp","href":"https:\/\/api.w.org\/{rel}","templated":true}]}}