{"id":17621,"date":"2016-12-23T17:00:41","date_gmt":"2016-12-23T17:00:41","guid":{"rendered":""},"modified":"2016-12-23T17:00:41","modified_gmt":"2016-12-23T17:00:41","slug":"el-invisible-corrales-establecido-en-japon-para-defensa-titular","status":"publish","type":"post","link":"https:\/\/sertv.gob.pa\/nacionalfm\/el-invisible-corrales-establecido-en-japon-para-defensa-titular\/","title":{"rendered":"\u201cEl Invisible\u201d Corrales establecido en Jap\u00f3n para defensa titular"},"content":{"rendered":"<p>\nJezrrel &ldquo;El Invisible&rdquo; Corrales, supercampe\u00f3n superpluma de la Asociaci\u00f3n Mundial de Boxeo, se encuentra en Tokio, Jap\u00f3n para su primera defensa titular ante japon\u00e9s \u00a0Takashi Uchiyama, en pelea de revancha el pr\u00f3ximo 31 de diciembre en el Ota-City General Gymnasium en Tokio, Jap\u00f3n. <\/p>\n<p>Corrales viaj\u00f3 en compa\u00f1\u00eda de sus entrenadores Juan Mosquera, Eduardo Malcom Mosquera, su manejadora, Lesbia d Moss, y Antonio Crist\u00f3bal, Director de Operaciones de Promociones y Eventos del Istmo, empresa promotora de Jezreel Corrales. <\/p>\n<p>La agenda de actividades correspondientes a la velada inicia el domingo 25, con un entrenamiento p\u00fablico a la 1:00 pm (hora de Jap\u00f3n), en el Gimnasio Watanabe. <\/p>\n<p>El mi\u00e9rcoles 28 a las 3:00 pm (hora de Jap\u00f3n), se realizar\u00e1 el examen m\u00e9dico en el Grand Palace Hotel. <\/p>\n<p>El jueves 29 a las 3:00 pm (hora de Jap\u00f3n), se llevara a cabo la conferencia de prensa en el Grand Palace Hotel. <\/p>\n<p>El viernes 30 a las 12:00 medio d\u00eda\u00a0 (hora de Jap\u00f3n) se realizar\u00e1 la ceremonia de pesaje en el Korakuen Hall. <\/p>\n","protected":false},"excerpt":{"rendered":"<p>Jezrrel &ldquo;El Invisible&rdquo; Corrales, supercampe\u00f3n superpluma de la Asociaci\u00f3n Mundial <a href=\"https:\/\/sertv.gob.pa\/nacionalfm\/el-invisible-corrales-establecido-en-japon-para-defensa-titular\/\"> [&#8230;]<\/a><\/p>\n","protected":false},"author":1,"featured_media":17622,"comment_status":"closed","ping_status":"closed","sticky":false,"template":"","format":"standard","meta":{"footnotes":""},"categories":[4],"tags":[],"class_list":["post-17621","post","type-post","status-publish","format-standard","has-post-thumbnail","hentry","category-deportes"],"_links":{"self":[{"href":"https:\/\/sertv.gob.pa\/nacionalfm\/wp-json\/wp\/v2\/posts\/17621","targetHints":{"allow":["GET"]}}],"collection":[{"href":"https:\/\/sertv.gob.pa\/nacionalfm\/wp-json\/wp\/v2\/posts"}],"about":[{"href":"https:\/\/sertv.gob.pa\/nacionalfm\/wp-json\/wp\/v2\/types\/post"}],"author":[{"embeddable":true,"href":"https:\/\/sertv.gob.pa\/nacionalfm\/wp-json\/wp\/v2\/users\/1"}],"replies":[{"embeddable":true,"href":"https:\/\/sertv.gob.pa\/nacionalfm\/wp-json\/wp\/v2\/comments?post=17621"}],"version-history":[{"count":0,"href":"https:\/\/sertv.gob.pa\/nacionalfm\/wp-json\/wp\/v2\/posts\/17621\/revisions"}],"wp:featuredmedia":[{"embeddable":true,"href":"https:\/\/sertv.gob.pa\/nacionalfm\/wp-json\/wp\/v2\/media\/17622"}],"wp:attachment":[{"href":"https:\/\/sertv.gob.pa\/nacionalfm\/wp-json\/wp\/v2\/media?parent=17621"}],"wp:term":[{"taxonomy":"category","embeddable":true,"href":"https:\/\/sertv.gob.pa\/nacionalfm\/wp-json\/wp\/v2\/categories?post=17621"},{"taxonomy":"post_tag","embeddable":true,"href":"https:\/\/sertv.gob.pa\/nacionalfm\/wp-json\/wp\/v2\/tags?post=17621"}],"curies":[{"name":"wp","href":"https:\/\/api.w.org\/{rel}","templated":true}]}}