{"id":1764,"date":"2014-10-01T05:00:00","date_gmt":"2014-10-01T05:00:00","guid":{"rendered":""},"modified":"2014-10-01T05:00:00","modified_gmt":"2014-10-01T05:00:00","slug":"primer-caso-de-contaminacion-de-ebola-en-eu","status":"publish","type":"post","link":"https:\/\/sertv.gob.pa\/nacionalfm\/primer-caso-de-contaminacion-de-ebola-en-eu\/","title":{"rendered":"Primer caso de contaminaci\u00f3n de \u00e9bola en EU"},"content":{"rendered":"<p>\nEstados Unidos diagnostic\u00f3 su primer caso de contaminaci\u00f3n con el virus del \u00e9bola, de un hombre contaminado en Liberia y que viaj\u00f3 a Texas, dio a conocer una fuente del sistema de salud estadounidense. <\/p>\n<p>El paciente fue hospitalizado con s\u00edntomas que fueron confirmados como un caso de virus del \u00e9bola, manifest\u00f3 un portavoz del Centro de Prevenci\u00f3n y Control de Enfermedades (CDC) de Estados Unidos. <\/p>\n<p>&ldquo;Se ha contaminado con la enfermedad en Liberia&rdquo;, dijo el portavoz, y a\u00f1adi\u00f3 que no es un trabajador de salud. <\/p>\n<p>Poco antes, el Hospital Presbiteriano de Dallas inform\u00f3 que hab\u00eda situado en estricto aislamiento a una persona con base en &ldquo;s\u00edntomas y un historial reciente de viajes&rdquo;. <\/p>\n<p>&ldquo;Hasta donde sabemos, es el primer paciente diagnosticado fuera de \u00c1frica&rdquo;, expres\u00f3 Tom Frieden, director de los CDC, agregando que hay &ldquo;cero riesgo&rdquo; de que el mal se haya propagado en el avi\u00f3n. <\/p>\n<p>El hombre empez\u00f3 a experimentar los s\u00edntomas el 24 de septiembre y llam\u00f3 a un m\u00e9dico dos d\u00edas despu\u00e9s. Fue hospitalizado el 28. <\/p>\n<p>Autoridades del hospital dicen que est\u00e1n siguiendo las recomendaciones del CDC para proteger a los m\u00e9dicos, personal y pacientes. <\/p>\n<p>La epidemia de \u00e9bola, la mayor hasta ahora vista, ya provoc\u00f3 la muerte de unas 3 mil 91 personas en pa\u00edses africanos, de acuerdo con datos de la Organizaci\u00f3n Mundial de la Salud (OMS).\u00a0 @nacionalFm <\/p>\n<p>\u00a0 <\/p>\n","protected":false},"excerpt":{"rendered":"<p>Estados Unidos diagnostic\u00f3 su primer caso de contaminaci\u00f3n con el <a href=\"https:\/\/sertv.gob.pa\/nacionalfm\/primer-caso-de-contaminacion-de-ebola-en-eu\/\"> [&#8230;]<\/a><\/p>\n","protected":false},"author":1,"featured_media":1765,"comment_status":"closed","ping_status":"closed","sticky":false,"template":"","format":"standard","meta":{"footnotes":""},"categories":[5],"tags":[],"class_list":["post-1764","post","type-post","status-publish","format-standard","has-post-thumbnail","hentry","category-salud"],"_links":{"self":[{"href":"https:\/\/sertv.gob.pa\/nacionalfm\/wp-json\/wp\/v2\/posts\/1764","targetHints":{"allow":["GET"]}}],"collection":[{"href":"https:\/\/sertv.gob.pa\/nacionalfm\/wp-json\/wp\/v2\/posts"}],"about":[{"href":"https:\/\/sertv.gob.pa\/nacionalfm\/wp-json\/wp\/v2\/types\/post"}],"author":[{"embeddable":true,"href":"https:\/\/sertv.gob.pa\/nacionalfm\/wp-json\/wp\/v2\/users\/1"}],"replies":[{"embeddable":true,"href":"https:\/\/sertv.gob.pa\/nacionalfm\/wp-json\/wp\/v2\/comments?post=1764"}],"version-history":[{"count":0,"href":"https:\/\/sertv.gob.pa\/nacionalfm\/wp-json\/wp\/v2\/posts\/1764\/revisions"}],"wp:featuredmedia":[{"embeddable":true,"href":"https:\/\/sertv.gob.pa\/nacionalfm\/wp-json\/wp\/v2\/media\/1765"}],"wp:attachment":[{"href":"https:\/\/sertv.gob.pa\/nacionalfm\/wp-json\/wp\/v2\/media?parent=1764"}],"wp:term":[{"taxonomy":"category","embeddable":true,"href":"https:\/\/sertv.gob.pa\/nacionalfm\/wp-json\/wp\/v2\/categories?post=1764"},{"taxonomy":"post_tag","embeddable":true,"href":"https:\/\/sertv.gob.pa\/nacionalfm\/wp-json\/wp\/v2\/tags?post=1764"}],"curies":[{"name":"wp","href":"https:\/\/api.w.org\/{rel}","templated":true}]}}