{"id":17641,"date":"2016-12-28T16:32:39","date_gmt":"2016-12-28T16:32:39","guid":{"rendered":""},"modified":"2016-12-28T16:32:39","modified_gmt":"2016-12-28T16:32:39","slug":"roman-torres-visita-a-director-de-pandeportes-bob-arango","status":"publish","type":"post","link":"https:\/\/sertv.gob.pa\/nacionalfm\/roman-torres-visita-a-director-de-pandeportes-bob-arango\/","title":{"rendered":"Rom\u00e1n Torres visita a director de PANDEPORTES, \u201cBob\u201d Arango"},"content":{"rendered":"<p>\nCon el objetivo de cristalizar la creaci\u00f3n de su fundaci\u00f3n deportiva y as\u00ed poder apoyar a ni\u00f1os de escasos recursos del interior del pa\u00eds para que logres alcanzar sus sue\u00f1os de jugar f\u00fatbol, el defensa paname\u00f1o del Seatltle Sounders, Rom\u00e1n &ldquo;Mazinger&rdquo; \u00a0Torres, realiz\u00f3 una visita de cortes\u00eda al Director General del Instituto Paname\u00f1o de Deportes Roberto &ldquo;Bob&rdquo; Arango. <\/p>\n<p>Torres destac\u00f3 que \u00abHay muchos ni\u00f1os que quieren jugar al f\u00fatbol por ah\u00ed, pero no tienen la capacidad econ\u00f3mica y otros, no tienen las herramientas necesarias para practicarlo y entonces creo que puedo aportar mi granito de arena, as\u00ed que me estoy metiendo en este tema con mi fundaci\u00f3n\u00bb, apunt\u00f3. <\/p>\n<p>En cuanto a lo que le deja el 2016, Torres manifest\u00f3 que \u00abFue un a\u00f1o duro, donde tuve que sacrificarme fuertemente para lograr estos objetivos que alcanc\u00e9 que se transformaron en un premio por todo el trabajo que tuve que realizar, ya que nunca perd\u00ed la fe en Dios y \u00c9l me ha recompensado. Por eso, espero un 2017 lleno de grandes cosas\u00bb, resalt\u00f3. <\/p>\n<p>Sobre lo que depara el nuevo a\u00f1o para la selecci\u00f3n nacional, \u00abMazinger\u00bb como es conocido cari\u00f1osamente en el argot futbol\u00edstico apunt\u00f3 que \u00abGanar la Copa Centroamericana del pr\u00f3ximo mes de enero ser\u00e1 una motivaci\u00f3n importante para lo que viene de cara a mitad y final del 2017 con el hexagonal final en su m\u00e1xima disputa\u00bb, acot\u00f3. <\/p>\n","protected":false},"excerpt":{"rendered":"<p>Con el objetivo de cristalizar la creaci\u00f3n de su fundaci\u00f3n <a href=\"https:\/\/sertv.gob.pa\/nacionalfm\/roman-torres-visita-a-director-de-pandeportes-bob-arango\/\"> [&#8230;]<\/a><\/p>\n","protected":false},"author":1,"featured_media":17642,"comment_status":"closed","ping_status":"closed","sticky":false,"template":"","format":"standard","meta":{"footnotes":""},"categories":[4],"tags":[],"class_list":["post-17641","post","type-post","status-publish","format-standard","has-post-thumbnail","hentry","category-deportes"],"_links":{"self":[{"href":"https:\/\/sertv.gob.pa\/nacionalfm\/wp-json\/wp\/v2\/posts\/17641","targetHints":{"allow":["GET"]}}],"collection":[{"href":"https:\/\/sertv.gob.pa\/nacionalfm\/wp-json\/wp\/v2\/posts"}],"about":[{"href":"https:\/\/sertv.gob.pa\/nacionalfm\/wp-json\/wp\/v2\/types\/post"}],"author":[{"embeddable":true,"href":"https:\/\/sertv.gob.pa\/nacionalfm\/wp-json\/wp\/v2\/users\/1"}],"replies":[{"embeddable":true,"href":"https:\/\/sertv.gob.pa\/nacionalfm\/wp-json\/wp\/v2\/comments?post=17641"}],"version-history":[{"count":0,"href":"https:\/\/sertv.gob.pa\/nacionalfm\/wp-json\/wp\/v2\/posts\/17641\/revisions"}],"wp:featuredmedia":[{"embeddable":true,"href":"https:\/\/sertv.gob.pa\/nacionalfm\/wp-json\/wp\/v2\/media\/17642"}],"wp:attachment":[{"href":"https:\/\/sertv.gob.pa\/nacionalfm\/wp-json\/wp\/v2\/media?parent=17641"}],"wp:term":[{"taxonomy":"category","embeddable":true,"href":"https:\/\/sertv.gob.pa\/nacionalfm\/wp-json\/wp\/v2\/categories?post=17641"},{"taxonomy":"post_tag","embeddable":true,"href":"https:\/\/sertv.gob.pa\/nacionalfm\/wp-json\/wp\/v2\/tags?post=17641"}],"curies":[{"name":"wp","href":"https:\/\/api.w.org\/{rel}","templated":true}]}}