{"id":17647,"date":"2016-12-28T16:54:44","date_gmt":"2016-12-28T16:54:44","guid":{"rendered":""},"modified":"2016-12-28T16:54:44","modified_gmt":"2016-12-28T16:54:44","slug":"anuncian-oficiales-para-bout-titular-corrales-uchiyama-en-japon","status":"publish","type":"post","link":"https:\/\/sertv.gob.pa\/nacionalfm\/anuncian-oficiales-para-bout-titular-corrales-uchiyama-en-japon\/","title":{"rendered":"Anuncian oficiales para bout titular Corrales-Uchiyama, en Jap\u00f3n"},"content":{"rendered":"<p>\nDerek Milham de Australia, Philippe Verbeke de B\u00e9lgica y Octavia Rodr\u00edguez de Panam\u00e1 ser\u00e1n los jueces para el encuentro titular de los pesos superplumas entre el supercampe\u00f3n paname\u00f1o Jezrrel &ldquo;El Invisible&rdquo; Corrales y el ex campe\u00f3n japon\u00e9s Takashi Uchiyama, seg\u00fan dio a conocer el Comit\u00e9 de Oficiales de la AMB. <\/p>\n<p>Mientras que en la contienda entre el local Ryoichi Taguchi y el venezolano Carlos Ca\u00f1izalez por el cintur\u00f3n minimosca de la AMB y los encargados de llevar las acciones ser\u00e1n: el tailand\u00e9s Pinit Pradyasab ser\u00e1 el tercer hombre sobre el ring y Milham, Verbeke y Rodr\u00edguez llevar\u00e1n las tarjetas. <\/p>\n<p>En ambos casos el supervisor ser\u00e1 el nicarag\u00fcense Renzo Bagnariol. <\/p>\n<p>El pesaje de estos careos se realizar\u00e1 el pr\u00f3ximo 30 de este mes para posteriormente subir al ring el 31 de diciembre. <\/p>\n<p>\u00a0 <\/p>\n","protected":false},"excerpt":{"rendered":"<p>Derek Milham de Australia, Philippe Verbeke de B\u00e9lgica y Octavia <a href=\"https:\/\/sertv.gob.pa\/nacionalfm\/anuncian-oficiales-para-bout-titular-corrales-uchiyama-en-japon\/\"> [&#8230;]<\/a><\/p>\n","protected":false},"author":1,"featured_media":17648,"comment_status":"closed","ping_status":"closed","sticky":false,"template":"","format":"standard","meta":{"footnotes":""},"categories":[4],"tags":[],"class_list":["post-17647","post","type-post","status-publish","format-standard","has-post-thumbnail","hentry","category-deportes"],"_links":{"self":[{"href":"https:\/\/sertv.gob.pa\/nacionalfm\/wp-json\/wp\/v2\/posts\/17647","targetHints":{"allow":["GET"]}}],"collection":[{"href":"https:\/\/sertv.gob.pa\/nacionalfm\/wp-json\/wp\/v2\/posts"}],"about":[{"href":"https:\/\/sertv.gob.pa\/nacionalfm\/wp-json\/wp\/v2\/types\/post"}],"author":[{"embeddable":true,"href":"https:\/\/sertv.gob.pa\/nacionalfm\/wp-json\/wp\/v2\/users\/1"}],"replies":[{"embeddable":true,"href":"https:\/\/sertv.gob.pa\/nacionalfm\/wp-json\/wp\/v2\/comments?post=17647"}],"version-history":[{"count":0,"href":"https:\/\/sertv.gob.pa\/nacionalfm\/wp-json\/wp\/v2\/posts\/17647\/revisions"}],"wp:featuredmedia":[{"embeddable":true,"href":"https:\/\/sertv.gob.pa\/nacionalfm\/wp-json\/wp\/v2\/media\/17648"}],"wp:attachment":[{"href":"https:\/\/sertv.gob.pa\/nacionalfm\/wp-json\/wp\/v2\/media?parent=17647"}],"wp:term":[{"taxonomy":"category","embeddable":true,"href":"https:\/\/sertv.gob.pa\/nacionalfm\/wp-json\/wp\/v2\/categories?post=17647"},{"taxonomy":"post_tag","embeddable":true,"href":"https:\/\/sertv.gob.pa\/nacionalfm\/wp-json\/wp\/v2\/tags?post=17647"}],"curies":[{"name":"wp","href":"https:\/\/api.w.org\/{rel}","templated":true}]}}