{"id":17679,"date":"2016-12-30T20:05:44","date_gmt":"2016-12-30T20:05:44","guid":{"rendered":""},"modified":"2016-12-30T20:05:44","modified_gmt":"2016-12-30T20:05:44","slug":"invisible-corrales-y-uchiyama-cumplieron-con-la-bascula","status":"publish","type":"post","link":"https:\/\/sertv.gob.pa\/nacionalfm\/invisible-corrales-y-uchiyama-cumplieron-con-la-bascula\/","title":{"rendered":"Invisible Corrales y Uchiyama cumplieron con la b\u00e1scula"},"content":{"rendered":"<p>\nEl paname\u00f1o Jezrrel &ldquo;El Invisible&rdquo; Corrales acus\u00f3 en la balanza 129 \u00bc de libras para su defensa titular del subcampeonato superpluma de la Asociaci\u00f3n Mundial de Boxeo, ante el ex campe\u00f3n de la divisi\u00f3n el japon\u00e9s Takashi Uchiyama, quien pes\u00f3 129 \u00be de libras, encuentro que se llevar\u00e1 a efecto en Tokio, Jap\u00f3n. <\/p>\n<p>Esta ser\u00e1 la primera defensa del istme\u00f1o, quien en abril pasado noque\u00f3 en dos asaltos a Uchiyama para arrebatarle su t\u00edtulo. Mientras que el nip\u00f3n ser\u00e1 retador por primera vez desde 2010, cuando obtuvo la diadema de las 130 Libras que Corrales le quit\u00f3 y que hab\u00eda expuesto con \u00e9xito en 10 ocasiones. <\/p>\n<p>\u00a0 \u00a0 \u00a0 \u00a0 \u00a0 \u00a0 \u00a0 \u00a0 \u00a0 \u00a0 \u00a0 \u00a0 \u00a0 \u00a0 \u00a0 \u00a0 \u00a0 \u00a0 \u00a0 \u00a0 \u00a0 \u00a0 \u00a0 \u00a0 \u00a0 \u00a0 \u00a0 \u00a0 \u00a0 \u00a0 \u00a0 \u00a0 \u00a0 \u00a0 \u00a0 \u00a0 \u00a0 \u00a0 \u00a0 \u00a0 \u00a0 \u00a0 \u00a0 \u00a0 \u00a0 \u00a0 \u00a0 \u00a0 \u00a0 \u00a0 \u00a0\u00a0 <\/p>\n","protected":false},"excerpt":{"rendered":"<p>El paname\u00f1o Jezrrel &ldquo;El Invisible&rdquo; Corrales acus\u00f3 en la balanza <a href=\"https:\/\/sertv.gob.pa\/nacionalfm\/invisible-corrales-y-uchiyama-cumplieron-con-la-bascula\/\"> [&#8230;]<\/a><\/p>\n","protected":false},"author":1,"featured_media":17680,"comment_status":"closed","ping_status":"closed","sticky":false,"template":"","format":"standard","meta":{"footnotes":""},"categories":[4],"tags":[],"class_list":["post-17679","post","type-post","status-publish","format-standard","has-post-thumbnail","hentry","category-deportes"],"_links":{"self":[{"href":"https:\/\/sertv.gob.pa\/nacionalfm\/wp-json\/wp\/v2\/posts\/17679","targetHints":{"allow":["GET"]}}],"collection":[{"href":"https:\/\/sertv.gob.pa\/nacionalfm\/wp-json\/wp\/v2\/posts"}],"about":[{"href":"https:\/\/sertv.gob.pa\/nacionalfm\/wp-json\/wp\/v2\/types\/post"}],"author":[{"embeddable":true,"href":"https:\/\/sertv.gob.pa\/nacionalfm\/wp-json\/wp\/v2\/users\/1"}],"replies":[{"embeddable":true,"href":"https:\/\/sertv.gob.pa\/nacionalfm\/wp-json\/wp\/v2\/comments?post=17679"}],"version-history":[{"count":0,"href":"https:\/\/sertv.gob.pa\/nacionalfm\/wp-json\/wp\/v2\/posts\/17679\/revisions"}],"wp:featuredmedia":[{"embeddable":true,"href":"https:\/\/sertv.gob.pa\/nacionalfm\/wp-json\/wp\/v2\/media\/17680"}],"wp:attachment":[{"href":"https:\/\/sertv.gob.pa\/nacionalfm\/wp-json\/wp\/v2\/media?parent=17679"}],"wp:term":[{"taxonomy":"category","embeddable":true,"href":"https:\/\/sertv.gob.pa\/nacionalfm\/wp-json\/wp\/v2\/categories?post=17679"},{"taxonomy":"post_tag","embeddable":true,"href":"https:\/\/sertv.gob.pa\/nacionalfm\/wp-json\/wp\/v2\/tags?post=17679"}],"curies":[{"name":"wp","href":"https:\/\/api.w.org\/{rel}","templated":true}]}}