{"id":17697,"date":"2017-01-04T15:06:09","date_gmt":"2017-01-04T15:06:09","guid":{"rendered":""},"modified":"2017-01-04T15:06:09","modified_gmt":"2017-01-04T15:06:09","slug":"metro-deja-tendido-en-el-terreno-a-chiriqui-en-inicio-del-juvenil","status":"publish","type":"post","link":"https:\/\/sertv.gob.pa\/nacionalfm\/metro-deja-tendido-en-el-terreno-a-chiriqui-en-inicio-del-juvenil\/","title":{"rendered":"Metro deja tendido en el terreno a Chiriqu\u00ed en inicio del Juvenil"},"content":{"rendered":"<p>\nPanam\u00e1 dej\u00f3 tendido en el terreno a la novena de Chiriqu\u00ed 1-0 en el inicio del Campeonato Nacional Juvenil en su versi\u00f3n n\u00famero 48, en partido escenificado en el estadio Rod Carew. <\/p>\n<p>En otros partidos Los Santos venci\u00f3 a domicilio a Panam\u00e1 Oeste con un &ldquo;no hito no run&rdquo;, con pizarra de 4-0, Dari\u00e9n dio la sorpresa y super\u00f3 a Bocas del Toro 5 carreras por 2, en el estadio de Metet\u00ed, Herrera viniendo de atr\u00e1s se llev\u00f3 la victoria 4-3 a &ldquo;Los Azucareros&rdquo; de Cocl\u00e9. <\/p>\n<p>Los Indios de Veraguas vencieron a la novena de Col\u00f3n por una pizarra de 5 carreras a 4, la nueva novena de Panam\u00e1 Este debut\u00f3 con buen pie al vencer a Chiriqu\u00ed Occidente 3 carreras por\u00a0 2. <\/p>\n<p>\u00a0 <\/p>\n","protected":false},"excerpt":{"rendered":"<p>Panam\u00e1 dej\u00f3 tendido en el terreno a la novena de <a href=\"https:\/\/sertv.gob.pa\/nacionalfm\/metro-deja-tendido-en-el-terreno-a-chiriqui-en-inicio-del-juvenil\/\"> [&#8230;]<\/a><\/p>\n","protected":false},"author":1,"featured_media":17698,"comment_status":"closed","ping_status":"closed","sticky":false,"template":"","format":"standard","meta":{"footnotes":""},"categories":[4],"tags":[],"class_list":["post-17697","post","type-post","status-publish","format-standard","has-post-thumbnail","hentry","category-deportes"],"_links":{"self":[{"href":"https:\/\/sertv.gob.pa\/nacionalfm\/wp-json\/wp\/v2\/posts\/17697","targetHints":{"allow":["GET"]}}],"collection":[{"href":"https:\/\/sertv.gob.pa\/nacionalfm\/wp-json\/wp\/v2\/posts"}],"about":[{"href":"https:\/\/sertv.gob.pa\/nacionalfm\/wp-json\/wp\/v2\/types\/post"}],"author":[{"embeddable":true,"href":"https:\/\/sertv.gob.pa\/nacionalfm\/wp-json\/wp\/v2\/users\/1"}],"replies":[{"embeddable":true,"href":"https:\/\/sertv.gob.pa\/nacionalfm\/wp-json\/wp\/v2\/comments?post=17697"}],"version-history":[{"count":0,"href":"https:\/\/sertv.gob.pa\/nacionalfm\/wp-json\/wp\/v2\/posts\/17697\/revisions"}],"wp:featuredmedia":[{"embeddable":true,"href":"https:\/\/sertv.gob.pa\/nacionalfm\/wp-json\/wp\/v2\/media\/17698"}],"wp:attachment":[{"href":"https:\/\/sertv.gob.pa\/nacionalfm\/wp-json\/wp\/v2\/media?parent=17697"}],"wp:term":[{"taxonomy":"category","embeddable":true,"href":"https:\/\/sertv.gob.pa\/nacionalfm\/wp-json\/wp\/v2\/categories?post=17697"},{"taxonomy":"post_tag","embeddable":true,"href":"https:\/\/sertv.gob.pa\/nacionalfm\/wp-json\/wp\/v2\/tags?post=17697"}],"curies":[{"name":"wp","href":"https:\/\/api.w.org\/{rel}","templated":true}]}}