{"id":17707,"date":"2017-01-04T21:31:40","date_gmt":"2017-01-04T21:31:40","guid":{"rendered":""},"modified":"2017-01-04T21:31:40","modified_gmt":"2017-01-04T21:31:40","slug":"veraguas-y-panama-metro-en-choque-de-invictos-en-el-rod-carew","status":"publish","type":"post","link":"https:\/\/sertv.gob.pa\/nacionalfm\/veraguas-y-panama-metro-en-choque-de-invictos-en-el-rod-carew\/","title":{"rendered":"Veraguas y Panam\u00e1 Metro en choque de invictos en el Rod Carew"},"content":{"rendered":"<p>\n\u00a0 \u00a0 \u00a0 \u00a0 \u00a0 \u00a0 \u00a0 \u00a0 \u00a0 \u00a0 \u00a0 \u00a0 \u00a0 \u00a0 \u00a0 \u00a0 \u00a0 \u00a0 \u00a0 \u00a0 \u00a0 \u00a0 \u00a0 \u00a0 \u00a0 \u00a0 \u00a0 \u00a0 \u00a0 \u00a0 \u00a0 \u00a0 \u00a0 \u00a0 \u00a0 \u00a0 \u00a0 \u00a0\u00a0El campeonato nacional de b\u00e9isbol juvenil entra hoy en su segunda fecha cuando se midan en el Rod Carew Veraguas y Panam\u00e1 Metro a las 8 de la noche, Chiriqu\u00ed con Panam\u00e1 Este en el estadio &ldquo;Lalu&rdquo; Thompson de Chepo, en el Roberto Mariano Bula, Chiriqu\u00ed visita a Panam\u00e1 Este. <\/p>\n<p>Los Santos visitar\u00e1 a Dari\u00e9n en el estadio de Metet\u00ed, en &ldquo;El Gato Brujo&rdquo; Salinas de la Chorrera Panam\u00e1 Oeste recibe a la novena herrerana, Bocas del Toro tambi\u00e9n visita a Cocl\u00e9 en el Estadio Jos\u00e9 Atonio Rem\u00f3n Cantera, partido que ser\u00e1 transmitido por Nacional FM. <\/p>\n<p>\u00a0 \u00a0 \u00a0 \u00a0 \u00a0 \u00a0 \u00a0 \u00a0 \u00a0 \u00a0 \u00a0 \u00a0 \u00a0 \u00a0 \u00a0 \u00a0 \u00a0 \u00a0 <\/p>\n","protected":false},"excerpt":{"rendered":"<p>\u00a0 \u00a0 \u00a0 \u00a0 \u00a0 \u00a0 \u00a0 \u00a0 \u00a0 \u00a0 <a href=\"https:\/\/sertv.gob.pa\/nacionalfm\/veraguas-y-panama-metro-en-choque-de-invictos-en-el-rod-carew\/\"> [&#8230;]<\/a><\/p>\n","protected":false},"author":1,"featured_media":17708,"comment_status":"closed","ping_status":"closed","sticky":false,"template":"","format":"standard","meta":{"footnotes":""},"categories":[4],"tags":[],"class_list":["post-17707","post","type-post","status-publish","format-standard","has-post-thumbnail","hentry","category-deportes"],"_links":{"self":[{"href":"https:\/\/sertv.gob.pa\/nacionalfm\/wp-json\/wp\/v2\/posts\/17707","targetHints":{"allow":["GET"]}}],"collection":[{"href":"https:\/\/sertv.gob.pa\/nacionalfm\/wp-json\/wp\/v2\/posts"}],"about":[{"href":"https:\/\/sertv.gob.pa\/nacionalfm\/wp-json\/wp\/v2\/types\/post"}],"author":[{"embeddable":true,"href":"https:\/\/sertv.gob.pa\/nacionalfm\/wp-json\/wp\/v2\/users\/1"}],"replies":[{"embeddable":true,"href":"https:\/\/sertv.gob.pa\/nacionalfm\/wp-json\/wp\/v2\/comments?post=17707"}],"version-history":[{"count":0,"href":"https:\/\/sertv.gob.pa\/nacionalfm\/wp-json\/wp\/v2\/posts\/17707\/revisions"}],"wp:featuredmedia":[{"embeddable":true,"href":"https:\/\/sertv.gob.pa\/nacionalfm\/wp-json\/wp\/v2\/media\/17708"}],"wp:attachment":[{"href":"https:\/\/sertv.gob.pa\/nacionalfm\/wp-json\/wp\/v2\/media?parent=17707"}],"wp:term":[{"taxonomy":"category","embeddable":true,"href":"https:\/\/sertv.gob.pa\/nacionalfm\/wp-json\/wp\/v2\/categories?post=17707"},{"taxonomy":"post_tag","embeddable":true,"href":"https:\/\/sertv.gob.pa\/nacionalfm\/wp-json\/wp\/v2\/tags?post=17707"}],"curies":[{"name":"wp","href":"https:\/\/api.w.org\/{rel}","templated":true}]}}