{"id":17711,"date":"2017-01-04T22:25:49","date_gmt":"2017-01-04T22:25:49","guid":{"rendered":""},"modified":"2017-01-04T22:25:49","modified_gmt":"2017-01-04T22:25:49","slug":"fepaba-realiza-conversatorio-con-medios-de-prensa","status":"publish","type":"post","link":"https:\/\/sertv.gob.pa\/nacionalfm\/fepaba-realiza-conversatorio-con-medios-de-prensa\/","title":{"rendered":"FEPABA realiza conversatorio con medios de prensa"},"content":{"rendered":"<p>\nLa Federaci\u00f3n Paname\u00f1a de Baloncesto celebr\u00f3 un Conversatorio con los Medios de Comunicaci\u00f3n Deportivo, en el Sal\u00f3n Portobelo del Hotel Panam\u00e1. <\/p>\n<p>El presidente de la FEPABA Jair Peralta present\u00f3 los detalles del Informe de Trabajo de noviembre 2015 a diciembre de 2016 e igualmente dio a conocer el Plan de Trabajo para este a\u00f1o 2017 tanto a nivel nacional como internacional. <\/p>\n<p>De todos los puntos se\u00f1alados por Peralta, destac\u00f3 el inicio de la Liga Paname\u00f1a de Baloncesto Femenino en su tercera edici\u00f3n que empezar\u00e1 antes de la Liga Profesional de Baloncesto &ndash; LPB; al igual que la Liga Central de Baloncesto &ndash; LCB en el interior del pa\u00eds y conversaciones con las Universidades para una futura Liga Universitaria de Baloncesto &ndash; LUB. <\/p>\n<p>De igual forma se\u00f1al\u00f3 eventos internacionales como el Centroamericano U-14, Centrobasket U-17 Masculino, Copa Am\u00e9rica y el inicio del nuevo sistema de competencia de FIBA AMERICAS para nuestra Selecci\u00f3n Nacional Mayor de Baloncesto Masculino que arrancar\u00e1 en el mes de noviembre, que clasifica al Mundial de China del 2019. <\/p>\n<p>\u00a0 <\/p>\n<p>\u00a0 <\/p>\n","protected":false},"excerpt":{"rendered":"<p>La Federaci\u00f3n Paname\u00f1a de Baloncesto celebr\u00f3 un Conversatorio con los <a href=\"https:\/\/sertv.gob.pa\/nacionalfm\/fepaba-realiza-conversatorio-con-medios-de-prensa\/\"> [&#8230;]<\/a><\/p>\n","protected":false},"author":1,"featured_media":17712,"comment_status":"closed","ping_status":"closed","sticky":false,"template":"","format":"standard","meta":{"footnotes":""},"categories":[4],"tags":[],"class_list":["post-17711","post","type-post","status-publish","format-standard","has-post-thumbnail","hentry","category-deportes"],"_links":{"self":[{"href":"https:\/\/sertv.gob.pa\/nacionalfm\/wp-json\/wp\/v2\/posts\/17711","targetHints":{"allow":["GET"]}}],"collection":[{"href":"https:\/\/sertv.gob.pa\/nacionalfm\/wp-json\/wp\/v2\/posts"}],"about":[{"href":"https:\/\/sertv.gob.pa\/nacionalfm\/wp-json\/wp\/v2\/types\/post"}],"author":[{"embeddable":true,"href":"https:\/\/sertv.gob.pa\/nacionalfm\/wp-json\/wp\/v2\/users\/1"}],"replies":[{"embeddable":true,"href":"https:\/\/sertv.gob.pa\/nacionalfm\/wp-json\/wp\/v2\/comments?post=17711"}],"version-history":[{"count":0,"href":"https:\/\/sertv.gob.pa\/nacionalfm\/wp-json\/wp\/v2\/posts\/17711\/revisions"}],"wp:featuredmedia":[{"embeddable":true,"href":"https:\/\/sertv.gob.pa\/nacionalfm\/wp-json\/wp\/v2\/media\/17712"}],"wp:attachment":[{"href":"https:\/\/sertv.gob.pa\/nacionalfm\/wp-json\/wp\/v2\/media?parent=17711"}],"wp:term":[{"taxonomy":"category","embeddable":true,"href":"https:\/\/sertv.gob.pa\/nacionalfm\/wp-json\/wp\/v2\/categories?post=17711"},{"taxonomy":"post_tag","embeddable":true,"href":"https:\/\/sertv.gob.pa\/nacionalfm\/wp-json\/wp\/v2\/tags?post=17711"}],"curies":[{"name":"wp","href":"https:\/\/api.w.org\/{rel}","templated":true}]}}