{"id":17748,"date":"2017-01-05T23:10:46","date_gmt":"2017-01-05T23:10:46","guid":{"rendered":""},"modified":"2017-01-05T23:10:46","modified_gmt":"2017-01-05T23:10:46","slug":"amb-se-interesa-por-pelea-mandatoria-corrales-sosa","status":"publish","type":"post","link":"https:\/\/sertv.gob.pa\/nacionalfm\/amb-se-interesa-por-pelea-mandatoria-corrales-sosa\/","title":{"rendered":"AMB se interesa por pelea mandatoria Corrales-Sosa"},"content":{"rendered":"<p>\nEn conferencia de prensa convocada por Lesbia de Moss, apoderada del supercampe\u00f3n supermosca de la Asociaci\u00f3n Mundial de Boxeo Jezrrel &ldquo;El Invisible&rdquo; Corrales, para brindar detalles sobre su defensa exitosa ante el ex campe\u00f3n, el japon\u00e9s Takashi Uchiyama, Antonio Crist\u00f3bal, jefe de operaciones de Promociones y Eventos del Istmo, anunci\u00f3 las intenciones de la AMb de que se haga el encuentro de unificaci\u00f3n entre Jezrrel Corrales y el norteamericano Jasson Sosa. <\/p>\n<p>El anuncio se dio cuando la prensa \u00a0indag\u00f3 sobre cu\u00e1l podr\u00eda ser la pr\u00f3xima defensa del supercampe\u00f3n, y por su parte Lesbia de Mos manifest\u00f3 que Corrales descansar\u00eda unos d\u00edas y se sentar\u00edan a discutir ofertas. <\/p>\n<p>El campe\u00f3n en propiedad Jason Sosa gan\u00f3 el t\u00edtulo el 24 de junio de 2016, al vencer por K.O.T. al dominicano Javier &ldquo;El Avisp\u00f3n&rdquo; Fortuna, en combate escenificado en Beijing, China y lo defendi\u00f3 el pasado 12 de noviembre por decisi\u00f3n un\u00e1nime ante Stephens Smith, en Montecarlo, M\u00f3naco. <\/p>\n<p>Anteriormente el campe\u00f3n Sosa ven\u00eda de un empate ante el jamaiquino Nicholas Walter <\/p>\n","protected":false},"excerpt":{"rendered":"<p>En conferencia de prensa convocada por Lesbia de Moss, apoderada <a href=\"https:\/\/sertv.gob.pa\/nacionalfm\/amb-se-interesa-por-pelea-mandatoria-corrales-sosa\/\"> [&#8230;]<\/a><\/p>\n","protected":false},"author":1,"featured_media":17749,"comment_status":"closed","ping_status":"closed","sticky":false,"template":"","format":"standard","meta":{"footnotes":""},"categories":[4],"tags":[],"class_list":["post-17748","post","type-post","status-publish","format-standard","has-post-thumbnail","hentry","category-deportes"],"_links":{"self":[{"href":"https:\/\/sertv.gob.pa\/nacionalfm\/wp-json\/wp\/v2\/posts\/17748","targetHints":{"allow":["GET"]}}],"collection":[{"href":"https:\/\/sertv.gob.pa\/nacionalfm\/wp-json\/wp\/v2\/posts"}],"about":[{"href":"https:\/\/sertv.gob.pa\/nacionalfm\/wp-json\/wp\/v2\/types\/post"}],"author":[{"embeddable":true,"href":"https:\/\/sertv.gob.pa\/nacionalfm\/wp-json\/wp\/v2\/users\/1"}],"replies":[{"embeddable":true,"href":"https:\/\/sertv.gob.pa\/nacionalfm\/wp-json\/wp\/v2\/comments?post=17748"}],"version-history":[{"count":0,"href":"https:\/\/sertv.gob.pa\/nacionalfm\/wp-json\/wp\/v2\/posts\/17748\/revisions"}],"wp:featuredmedia":[{"embeddable":true,"href":"https:\/\/sertv.gob.pa\/nacionalfm\/wp-json\/wp\/v2\/media\/17749"}],"wp:attachment":[{"href":"https:\/\/sertv.gob.pa\/nacionalfm\/wp-json\/wp\/v2\/media?parent=17748"}],"wp:term":[{"taxonomy":"category","embeddable":true,"href":"https:\/\/sertv.gob.pa\/nacionalfm\/wp-json\/wp\/v2\/categories?post=17748"},{"taxonomy":"post_tag","embeddable":true,"href":"https:\/\/sertv.gob.pa\/nacionalfm\/wp-json\/wp\/v2\/tags?post=17748"}],"curies":[{"name":"wp","href":"https:\/\/api.w.org\/{rel}","templated":true}]}}