{"id":1776,"date":"2014-10-01T05:00:00","date_gmt":"2014-10-01T05:00:00","guid":{"rendered":""},"modified":"2014-10-01T05:00:00","modified_gmt":"2014-10-01T05:00:00","slug":"panama-comienza-campanas-en-contra-del-cancer","status":"publish","type":"post","link":"https:\/\/sertv.gob.pa\/nacionalfm\/panama-comienza-campanas-en-contra-del-cancer\/","title":{"rendered":"Panam\u00e1 comienza campa\u00f1as en contra del c\u00e1ncer"},"content":{"rendered":"<p>\nSeg\u00fan estad\u00edsticas del Ministerio de Salud (MINSA), un promedio de 1,500 nuevos pacientes con c\u00e1ncer de mama y pr\u00f3stata se diagnostican en Panam\u00e1. <\/p>\n<p>De este n\u00famero, m\u00e1s de 900 casos son por c\u00e1ncer de pr\u00f3stata y m\u00e1s de 500 corresponden al c\u00e1ncer de mamas. <\/p>\n<p>El m\u00e9dico onc\u00f3logo, Fernando Cebamanos, indic\u00f3 que ambos tipo de c\u00e1ncer se desarrollan por la falta de atenci\u00f3n temprana. <\/p>\n<p>En el caso del c\u00e1ncer de pr\u00f3stata se presenta en los hombres mayores de 60 a\u00f1os. <\/p>\n<p>Seg\u00fan Cebamanos, la poblaci\u00f3n paname\u00f1a ha ido envejeciendo, raz\u00f3n por la cual cada a\u00f1o se incrementan los casos. <\/p>\n<p>En las mujeres el c\u00e1ncer de mama se presenta a los 50 a\u00f1os. Muy rara vez sucede en personas j\u00f3venes. <\/p>\n<p>A partir de hoy se inicia la campa\u00f1a de la cinta rosa y celeste para la detecci\u00f3n temprana del c\u00e1ncer de pr\u00f3stata y de mama.\u00a0 @nacionalFm <\/p>\n<p>\u00a0 <\/p>\n","protected":false},"excerpt":{"rendered":"<p>Seg\u00fan estad\u00edsticas del Ministerio de Salud (MINSA), un promedio de <a href=\"https:\/\/sertv.gob.pa\/nacionalfm\/panama-comienza-campanas-en-contra-del-cancer\/\"> [&#8230;]<\/a><\/p>\n","protected":false},"author":1,"featured_media":1777,"comment_status":"closed","ping_status":"closed","sticky":false,"template":"","format":"standard","meta":{"footnotes":""},"categories":[5],"tags":[],"class_list":["post-1776","post","type-post","status-publish","format-standard","has-post-thumbnail","hentry","category-salud"],"_links":{"self":[{"href":"https:\/\/sertv.gob.pa\/nacionalfm\/wp-json\/wp\/v2\/posts\/1776","targetHints":{"allow":["GET"]}}],"collection":[{"href":"https:\/\/sertv.gob.pa\/nacionalfm\/wp-json\/wp\/v2\/posts"}],"about":[{"href":"https:\/\/sertv.gob.pa\/nacionalfm\/wp-json\/wp\/v2\/types\/post"}],"author":[{"embeddable":true,"href":"https:\/\/sertv.gob.pa\/nacionalfm\/wp-json\/wp\/v2\/users\/1"}],"replies":[{"embeddable":true,"href":"https:\/\/sertv.gob.pa\/nacionalfm\/wp-json\/wp\/v2\/comments?post=1776"}],"version-history":[{"count":0,"href":"https:\/\/sertv.gob.pa\/nacionalfm\/wp-json\/wp\/v2\/posts\/1776\/revisions"}],"wp:featuredmedia":[{"embeddable":true,"href":"https:\/\/sertv.gob.pa\/nacionalfm\/wp-json\/wp\/v2\/media\/1777"}],"wp:attachment":[{"href":"https:\/\/sertv.gob.pa\/nacionalfm\/wp-json\/wp\/v2\/media?parent=1776"}],"wp:term":[{"taxonomy":"category","embeddable":true,"href":"https:\/\/sertv.gob.pa\/nacionalfm\/wp-json\/wp\/v2\/categories?post=1776"},{"taxonomy":"post_tag","embeddable":true,"href":"https:\/\/sertv.gob.pa\/nacionalfm\/wp-json\/wp\/v2\/tags?post=1776"}],"curies":[{"name":"wp","href":"https:\/\/api.w.org\/{rel}","templated":true}]}}