{"id":17764,"date":"2017-01-06T22:02:17","date_gmt":"2017-01-06T22:02:17","guid":{"rendered":""},"modified":"2017-01-06T22:02:17","modified_gmt":"2017-01-06T22:02:17","slug":"se-reune-con-voluntarios-de-programa-verano-deportivo","status":"publish","type":"post","link":"https:\/\/sertv.gob.pa\/nacionalfm\/se-reune-con-voluntarios-de-programa-verano-deportivo\/","title":{"rendered":"Se re\u00fanen con voluntarios de programa Verano Deportivo"},"content":{"rendered":"<p>\nLos coordinadores del Instituto Paname\u00f1o de Deportes del programa de Verano Deportivo se reunieron con los voluntarios que participar\u00e1n de las actividades programadas a nivel nacional entre el 16 de enero al 8 de febrero. <\/p>\n<p>El director de Deportes Para Todos, de la Direcci\u00f3n T\u00e9cnica de Deportes de PANDEPORTES, D\u00e1maso Espino, unidad coordinadora de este programa que busca llevar entrenamiento deportivo a m\u00e1s de 5 mil ni\u00f1os y j\u00f3venes a lo largo de la geograf\u00eda nacional, resalt\u00f3 a los voluntarios la importancia de su labor en el \u00e9xito de esta actividad. <\/p>\n<p>El programa de Verano Deportivo para ni\u00f1os y j\u00f3venes entre 8 y 17 a\u00f1os tendr\u00e1 como epicentro la Ciudad Deportiva Irving Saladino en Juan D\u00edaz, adem\u00e1s de la piscina Ad\u00e1n Gord\u00f3n y el Complejo Deportivo de Reparto Nuevo Panam\u00e1 en la capital, al igual que las instalaciones de PANDEPORTES en las otras provincias del pa\u00eds. <\/p>\n<p>Espino enfatiz\u00f3 en la coordinaci\u00f3n entre los voluntarios y el personal t\u00e9cnico de entrenadores, m\u00e9dico de Pandeportes, como clave para la log\u00edstica establecida para alcanzar los objetivos de este programa recreativo. <\/p>\n<p>Destac\u00f3 que el Verano Deportivo se desarrollar\u00e1 de lunes a viernes en horario de 8 de la ma\u00f1ana a 12 del mediod\u00eda, pero para el s\u00e1bado 28 de enero se tiene contemplado una jornada especial que contar\u00e1 con la visita a la Ciudad Deportiva Irving Saladino del presidente Juan Carlos Varela, quien se ha constituido en un fuerte soporte de esta actividad. <\/p>\n<p>Durante el Verano Deportivo se tiene estipulado la pr\u00e1ctica de disciplinas como atletismo, baloncesto, f\u00fatbol, voleibol, judo, karate, nataci\u00f3n, entre otros, teniendo como principal objetivo la recreaci\u00f3n de los participantes, pero tambi\u00e9n la intenci\u00f3n de detectar el talento de las futuras promesas del deporte paname\u00f1o. <\/p>\n<p>\u00a0 <\/p>\n","protected":false},"excerpt":{"rendered":"<p>Los coordinadores del Instituto Paname\u00f1o de Deportes del programa de <a href=\"https:\/\/sertv.gob.pa\/nacionalfm\/se-reune-con-voluntarios-de-programa-verano-deportivo\/\"> [&#8230;]<\/a><\/p>\n","protected":false},"author":1,"featured_media":17765,"comment_status":"closed","ping_status":"closed","sticky":false,"template":"","format":"standard","meta":{"footnotes":""},"categories":[4],"tags":[],"class_list":["post-17764","post","type-post","status-publish","format-standard","has-post-thumbnail","hentry","category-deportes"],"_links":{"self":[{"href":"https:\/\/sertv.gob.pa\/nacionalfm\/wp-json\/wp\/v2\/posts\/17764","targetHints":{"allow":["GET"]}}],"collection":[{"href":"https:\/\/sertv.gob.pa\/nacionalfm\/wp-json\/wp\/v2\/posts"}],"about":[{"href":"https:\/\/sertv.gob.pa\/nacionalfm\/wp-json\/wp\/v2\/types\/post"}],"author":[{"embeddable":true,"href":"https:\/\/sertv.gob.pa\/nacionalfm\/wp-json\/wp\/v2\/users\/1"}],"replies":[{"embeddable":true,"href":"https:\/\/sertv.gob.pa\/nacionalfm\/wp-json\/wp\/v2\/comments?post=17764"}],"version-history":[{"count":0,"href":"https:\/\/sertv.gob.pa\/nacionalfm\/wp-json\/wp\/v2\/posts\/17764\/revisions"}],"wp:featuredmedia":[{"embeddable":true,"href":"https:\/\/sertv.gob.pa\/nacionalfm\/wp-json\/wp\/v2\/media\/17765"}],"wp:attachment":[{"href":"https:\/\/sertv.gob.pa\/nacionalfm\/wp-json\/wp\/v2\/media?parent=17764"}],"wp:term":[{"taxonomy":"category","embeddable":true,"href":"https:\/\/sertv.gob.pa\/nacionalfm\/wp-json\/wp\/v2\/categories?post=17764"},{"taxonomy":"post_tag","embeddable":true,"href":"https:\/\/sertv.gob.pa\/nacionalfm\/wp-json\/wp\/v2\/tags?post=17764"}],"curies":[{"name":"wp","href":"https:\/\/api.w.org\/{rel}","templated":true}]}}