{"id":17770,"date":"2017-01-10T15:50:13","date_gmt":"2017-01-10T15:50:13","guid":{"rendered":""},"modified":"2017-01-10T15:50:13","modified_gmt":"2017-01-10T15:50:13","slug":"continua-programa-aprendo-a-nadar-del-municipio-de-panama","status":"publish","type":"post","link":"https:\/\/sertv.gob.pa\/nacionalfm\/continua-programa-aprendo-a-nadar-del-municipio-de-panama\/","title":{"rendered":"Contin\u00faa programa \u201cAprendo a Nadar\u201d del Municipio de Panam\u00e1"},"content":{"rendered":"<p>\n La Alcald\u00eda de Panam\u00e1 realizar\u00e1 este a\u00f1o el programa &ldquo;Aprendo a Nadar&rdquo; en 8 piscinas municipales del distrito, con la participaci\u00f3n de 5mil ni\u00f1os, de edades entre 5 a 17 a\u00f1os, que est\u00e1 siendo impartido desde el 3 de enero hasta el 24 de febrero, 8 de la ma\u00f1ana a 12 medio d\u00eda.  <\/p>\n<p> &ldquo;Aprendo a Nadar&rdquo; cuenta con seis disciplinas: nataci\u00f3n para novatos, polo acu\u00e1tico, nataci\u00f3n especial, entretenimiento y acuatl\u00f3n.  <\/p>\n<p> Con igual intenci\u00f3n, mil 500 adultos entre edades de 18 a 90 a\u00f1os se anotaron a las clases denominadas &ldquo;Nadando contra el stress&rdquo; que se imparten en horarios de 6:00 p.m. a 7:30 p.m., desde el 3 de enero hasta el 17 de marzo.  <\/p>\n<p> Seg\u00fan la subdirecci\u00f3n de Deportes del municipio, para el programa de adultos se han habilitado tres disciplinas: aprendizaje, iniciado y avanzado.  <\/p>\n<p> Las clases son dictadas de forma gratuita por entrenadores capacitados en la rama de nataci\u00f3n.  <\/p>\n<p> En tanto, para el 28 de enero, se realizar\u00e1 la primera \u00a0Cl\u00ednica de Waterpolo Municipal para quienes est\u00e9n interesados en el deporte. Las clases se dictar\u00e1n en \u00a0la piscina de Villa C\u00e1ceres en horarios de 1:00 p.m. a 3:00 de la tarde.  <\/p>\n","protected":false},"excerpt":{"rendered":"<p>La Alcald\u00eda de Panam\u00e1 realizar\u00e1 este a\u00f1o el programa &ldquo;Aprendo <a href=\"https:\/\/sertv.gob.pa\/nacionalfm\/continua-programa-aprendo-a-nadar-del-municipio-de-panama\/\"> [&#8230;]<\/a><\/p>\n","protected":false},"author":1,"featured_media":17771,"comment_status":"closed","ping_status":"closed","sticky":false,"template":"","format":"standard","meta":{"footnotes":""},"categories":[4],"tags":[],"class_list":["post-17770","post","type-post","status-publish","format-standard","has-post-thumbnail","hentry","category-deportes"],"_links":{"self":[{"href":"https:\/\/sertv.gob.pa\/nacionalfm\/wp-json\/wp\/v2\/posts\/17770","targetHints":{"allow":["GET"]}}],"collection":[{"href":"https:\/\/sertv.gob.pa\/nacionalfm\/wp-json\/wp\/v2\/posts"}],"about":[{"href":"https:\/\/sertv.gob.pa\/nacionalfm\/wp-json\/wp\/v2\/types\/post"}],"author":[{"embeddable":true,"href":"https:\/\/sertv.gob.pa\/nacionalfm\/wp-json\/wp\/v2\/users\/1"}],"replies":[{"embeddable":true,"href":"https:\/\/sertv.gob.pa\/nacionalfm\/wp-json\/wp\/v2\/comments?post=17770"}],"version-history":[{"count":0,"href":"https:\/\/sertv.gob.pa\/nacionalfm\/wp-json\/wp\/v2\/posts\/17770\/revisions"}],"wp:featuredmedia":[{"embeddable":true,"href":"https:\/\/sertv.gob.pa\/nacionalfm\/wp-json\/wp\/v2\/media\/17771"}],"wp:attachment":[{"href":"https:\/\/sertv.gob.pa\/nacionalfm\/wp-json\/wp\/v2\/media?parent=17770"}],"wp:term":[{"taxonomy":"category","embeddable":true,"href":"https:\/\/sertv.gob.pa\/nacionalfm\/wp-json\/wp\/v2\/categories?post=17770"},{"taxonomy":"post_tag","embeddable":true,"href":"https:\/\/sertv.gob.pa\/nacionalfm\/wp-json\/wp\/v2\/tags?post=17770"}],"curies":[{"name":"wp","href":"https:\/\/api.w.org\/{rel}","templated":true}]}}