{"id":17782,"date":"2017-01-10T21:43:27","date_gmt":"2017-01-10T21:43:27","guid":{"rendered":""},"modified":"2017-01-10T21:43:27","modified_gmt":"2017-01-10T21:43:27","slug":"el-campeonato-nacional-juvenil-se-reanuda-esta-noche","status":"publish","type":"post","link":"https:\/\/sertv.gob.pa\/nacionalfm\/el-campeonato-nacional-juvenil-se-reanuda-esta-noche\/","title":{"rendered":"El Campeonato Nacional Juvenil se reanuda esta noche"},"content":{"rendered":"<p>\nSe reanuda hoy en Campeonato Nacional de B\u00e9isbol Juvenil con los siguientes partidos, Col\u00f3n y Los Santos se miden en el estadio Olmedo Sol\u00e9 de Las Tablas, Panam\u00e1 Este y Herrera lo har\u00e1n en el Rico Cede\u00f1o de Chitr\u00e9, Panam\u00e1 Oeste y Chiriqu\u00ed Occidente se enfrentan en el Glorias Deportivas Baruenses de Puerto Armuelles. <\/p>\n<p>Dari\u00e9n se mide a Chiriqu\u00ed en el C. Alvarado M. y Los Indios de Veraguas visitan a Los Azucareros de Cocl\u00e9 en el Rem\u00f3n Cantera, Panam\u00e1 Metro se mide a Bocas del Toro en el Omar Torrijos. <\/p>\n<p>\u00a0 <\/p>\n","protected":false},"excerpt":{"rendered":"<p>Se reanuda hoy en Campeonato Nacional de B\u00e9isbol Juvenil con <a href=\"https:\/\/sertv.gob.pa\/nacionalfm\/el-campeonato-nacional-juvenil-se-reanuda-esta-noche\/\"> [&#8230;]<\/a><\/p>\n","protected":false},"author":1,"featured_media":17783,"comment_status":"closed","ping_status":"closed","sticky":false,"template":"","format":"standard","meta":{"footnotes":""},"categories":[4],"tags":[],"class_list":["post-17782","post","type-post","status-publish","format-standard","has-post-thumbnail","hentry","category-deportes"],"_links":{"self":[{"href":"https:\/\/sertv.gob.pa\/nacionalfm\/wp-json\/wp\/v2\/posts\/17782","targetHints":{"allow":["GET"]}}],"collection":[{"href":"https:\/\/sertv.gob.pa\/nacionalfm\/wp-json\/wp\/v2\/posts"}],"about":[{"href":"https:\/\/sertv.gob.pa\/nacionalfm\/wp-json\/wp\/v2\/types\/post"}],"author":[{"embeddable":true,"href":"https:\/\/sertv.gob.pa\/nacionalfm\/wp-json\/wp\/v2\/users\/1"}],"replies":[{"embeddable":true,"href":"https:\/\/sertv.gob.pa\/nacionalfm\/wp-json\/wp\/v2\/comments?post=17782"}],"version-history":[{"count":0,"href":"https:\/\/sertv.gob.pa\/nacionalfm\/wp-json\/wp\/v2\/posts\/17782\/revisions"}],"wp:featuredmedia":[{"embeddable":true,"href":"https:\/\/sertv.gob.pa\/nacionalfm\/wp-json\/wp\/v2\/media\/17783"}],"wp:attachment":[{"href":"https:\/\/sertv.gob.pa\/nacionalfm\/wp-json\/wp\/v2\/media?parent=17782"}],"wp:term":[{"taxonomy":"category","embeddable":true,"href":"https:\/\/sertv.gob.pa\/nacionalfm\/wp-json\/wp\/v2\/categories?post=17782"},{"taxonomy":"post_tag","embeddable":true,"href":"https:\/\/sertv.gob.pa\/nacionalfm\/wp-json\/wp\/v2\/tags?post=17782"}],"curies":[{"name":"wp","href":"https:\/\/api.w.org\/{rel}","templated":true}]}}